{"id":122260,"date":"2025-07-16T12:39:47","date_gmt":"2025-07-16T15:39:47","guid":{"rendered":"https:\/\/100xd.com.ar\/?p=122260"},"modified":"2025-07-16T12:39:47","modified_gmt":"2025-07-16T15:39:47","slug":"informe-de-la-uba-cual-es-el-municipio-del-amba-con-peor-calidad-de-vida","status":"publish","type":"post","link":"https:\/\/100xd.com.ar\/en\/informe-de-la-uba-cual-es-el-municipio-del-amba-con-peor-calidad-de-vida\/","title":{"rendered":"Informe de la UBA: cu\u00e1l es el municipio del AMBA con peor calidad de vida"},"content":{"rendered":"<p class=\"wp-block-paragraph\">Un nuevo estudio de la Facultad de Ciencias Econ\u00f3micas, de la&nbsp;<strong>Universidad de Buenos Aires<\/strong>&nbsp;(UBA), analiz\u00f3 la gesti\u00f3n de los&nbsp;<strong>24 municipios<\/strong>&nbsp;que integran el AMBA y determin\u00f3&nbsp;<strong>cu\u00e1l es el distrito con peor calidad de vida<\/strong>.<a href=\"https:\/\/www.infobae.com\/sociedad\/2025\/07\/16\/impactante-incendio-de-un-deposito-de-electrodomesticos-en-la-plata-hay-peligro-de-derrumbe\/\" target=\"_blank\" rel=\"noreferrer noopener\">Te puede interesar:<strong>Impactante incendio de un dep\u00f3sito de electrodom\u00e9sticos en La Plata: se derrumb\u00f3 parte del edificio y cayeron lavarropas y heladeras<\/strong><\/a><\/p>\n\n\n\n<p class=\"wp-block-paragraph\">Para ello, el trabajo realizado por el&nbsp;<strong>Centro de Ciudades Inteligentes<\/strong>&nbsp;utiliz\u00f3 el&nbsp;<strong>\u00cdndice de Gesti\u00f3n Estrat\u00e9gica de Ciudades (IGEC)<\/strong>, que midi\u00f3 cinco dimensiones clave:&nbsp;<strong>desarrollo econ\u00f3mico, sociedad, tecnolog\u00eda, pol\u00edtica-institucional y medio ambiente<\/strong>, desagregadas en&nbsp;<strong>31 variables<\/strong>&nbsp;y un total de&nbsp;<strong>159 indicadores espec\u00edficos<\/strong>.<img loading=\"lazy\" decoding=\"async\" alt=\"Una escuela secundaria en Ezeiza,\" height=\"1080\" src=\"https:\/\/www.infobae.com\/resizer\/v2\/TUELH35TYJCENPVXHNWCRJEP5M.jpg?auth=90998c5dfe68999c41f945c5bff749043b51d7a7797ef32ae83773178bc1f8f9&amp;smart=true&amp;width=350&amp;height=197&amp;quality=85\" width=\"1920\" title=\"Informe de la UBA: cu\u00e1l es el municipio del AMBA con peor calidad de vida\">Una escuela secundaria en Ezeiza, el distrito que se llev\u00f3 las peores calificaciones (Facebook)https:\/\/fa7196ccb54bb29d4065ea47ab3a9786.safeframe.googlesyndication.com\/safeframe\/1-0-45\/html\/container.html<\/p>\n\n\n\n<p class=\"wp-block-paragraph\">El IGEC que, seg\u00fan se denomina, \u201cpretende ser&nbsp;<strong>un indicador simple, \u00e1gil y sint\u00e9tico<\/strong>\u201d, en cada indicador recibi\u00f3 una calificaci\u00f3n en una escala de 0 a 5 puntos:&nbsp;<strong>0<\/strong>&nbsp;indica ausencia total de acci\u00f3n gubernamental, mientras que&nbsp;<strong>5<\/strong>&nbsp;corresponde a la gesti\u00f3n conforme a est\u00e1ndares internacionales.<a href=\"https:\/\/www.infobae.com\/politica\/2025\/07\/16\/locomotora-oliveras-continua-en-terapia-intensiva-con-la-parte-izquierda-de-su-cuerpo-paralizada\/\" target=\"_blank\" rel=\"noreferrer noopener\">Te puede interesar:<strong>Locomotora Oliveras contin\u00faa en terapia intensiva con la parte izquierda de su cuerpo paralizada<\/strong><\/a><\/p>\n\n\n\n<p class=\"wp-block-paragraph\">\u201cLa calificaci\u00f3n de 1 (uno) es otorgada cuando un indicador es abordado con&nbsp;<strong>muy baja intensidad<\/strong>, con 2 (dos) cuando recibe<strong>&nbsp;un tratamiento que no llega a ser el suficiente<\/strong>, con 3 (tres) cuando se da al indicador el&nbsp;<strong>tratamiento adecuado<\/strong>&nbsp;y con 4 (cuatro) cuando el&nbsp;<strong>nivel de respuesta del gobierno local al indicador es muy bueno<\/strong>&nbsp;y se expresa con pol\u00edticas p\u00fablicas de alta calidad&#8221;, cita el informe.https:\/\/fa7196ccb54bb29d4065ea47ab3a9786.safeframe.googlesyndication.com\/safeframe\/1-0-45\/html\/container.html<\/p>\n\n\n\n<p class=\"wp-block-paragraph\">Vale recordar que el objetivo del estudio<strong>&nbsp;no es comparar directamente los municipios<\/strong>, sino \u201c<strong>establecer un diagn\u00f3stico<\/strong>&nbsp;de cada uno de los 24 municipios\u201d para<strong>&nbsp;identificar fortalezas, debilidades y prioridades<\/strong>.<a href=\"https:\/\/www.infobae.com\/economia\/2025\/07\/16\/milei-se-reunio-con-el-representante-de-la-asociacion-de-bancos-tras-la-intervencion-del-bcra-para-bajar-el-dolar\/\" target=\"_blank\" rel=\"noreferrer noopener\">Te puede interesar:<strong>Milei se reuni\u00f3 con el representante de la asociaci\u00f3n de bancos tras la intervenci\u00f3n del BCRA para bajar el d\u00f3lar<\/strong><\/a><\/p>\n\n\n\n<h2 class=\"wp-block-heading\">La base del ranking<\/h2>\n\n\n\n<p class=\"wp-block-paragraph\">El informe de la UBA revel\u00f3 que&nbsp;<strong>Ezeiza<\/strong>&nbsp;ocupa el \u00faltimo lugar en el ranking de&nbsp;<strong>desarrollo estrat\u00e9gico global<\/strong>, con un puntaje de&nbsp;<strong>1,96<\/strong>, el m\u00e1s bajo entre los evaluados y el \u00fanico que no supera los 2 puntos en la tabla general. Inmediatamente por encima se ubican&nbsp;<strong>Moreno<\/strong>, con&nbsp;<strong>2,00 puntos<\/strong>, y&nbsp;<strong>Merlo<\/strong>, con&nbsp;<strong>2,28<\/strong>.<\/p>\n\n\n\n<figure data-spectra-id=\"spectra-3a71f00a-015d-4e13-a0fe-0fd4696f0798\" class=\"wp-block-image\"><img decoding=\"async\" src=\"https:\/\/www.infobae.com\/resizer\/v2\/X5RDXRGWDRE6PPP2QRZ7C2VE4Y.jpg?auth=595e4ac52c94e06caa0a6f0c295ccc5a4bb7fea6793e080f55c630eb0b7ff4d9&amp;smart=true&amp;width=350&amp;height=241&amp;quality=85\" alt=\"X5RDXRGWDRE6PPP2QRZ7C2VE4Y\" title=\"Informe de la UBA: cu\u00e1l es el municipio del AMBA con peor calidad de vida\" \/><\/figure>\n\n\n\n<p class=\"wp-block-paragraph\">La diferencia entre el primer puesto,&nbsp;<strong>Vicente L\u00f3pez<\/strong>&nbsp;(<strong>3,39 puntos<\/strong>), y el \u00faltimo,&nbsp;<strong>Ezeiza<\/strong>&nbsp;(<strong>1,96<\/strong>), es de&nbsp;<strong>1,43 puntos<\/strong>, lo que evidencia una marcada disparidad en la gesti\u00f3n y el desarrollo entre los extremos del ranking. El promedio general del estudio fue de&nbsp;<strong>2,71<\/strong>, un umbral que&nbsp;<strong>Ezeiza<\/strong>&nbsp;no logr\u00f3 superar en ninguna de las dimensiones evaluadas.<\/p>\n\n\n\n<p class=\"wp-block-paragraph\">En uno de los datos m\u00e1s llamativos del informe, la dimensi\u00f3n&nbsp;<strong>Medio Ambiental<\/strong>&nbsp;obtuvo el&nbsp;<strong>promedio m\u00e1s bajo entre las cinco \u00e1reas evaluadas<\/strong>, con una&nbsp;<strong>calificaci\u00f3n de 2,46.<\/strong>&nbsp;De esta forma, el estudio se\u00f1ala que el desarrollo ambiental es&nbsp;<strong>el aspecto m\u00e1s rezagado o donde las pol\u00edticas p\u00fablicas<\/strong>&nbsp;han tenido menor impacto en el conjunto municipal.<\/p>\n\n\n\n<p class=\"wp-block-paragraph\">Ezeiza obtuvo&nbsp;<strong>1,97<\/strong>&nbsp;en este rubro, apenas por encima de&nbsp;<strong>Moreno<\/strong>&nbsp;(<strong>1,66<\/strong>), que fue el peor ubicado. Aqu\u00ed se constituye otra dimensi\u00f3n esencial, donde se valoran la sostenibilidad, la movilidad, la presencia de espacios verdes, la eficiencia energ\u00e9tica y la gesti\u00f3n de residuos. La atenci\u00f3n a estos aspectos resulta fundamental para garantizar un desarrollo equilibrado y respetuoso con el entorno natural.<\/p>\n\n\n\n<figure data-spectra-id=\"spectra-46f228a3-2c06-4ae5-a7c3-d56e3884c199\" class=\"wp-block-image\"><img decoding=\"async\" src=\"https:\/\/www.infobae.com\/resizer\/v2\/GQFFKRNEI5ASRG5A52CWFZ7QLI.jpg?auth=c280cd02d01eac2344ac8790a0ccd92d4b2045644dc84f3537719903c882375f&amp;smart=true&amp;width=350&amp;height=241&amp;quality=85\" alt=\"GQFFKRNEI5ASRG5A52CWFZ7QLI\" title=\"Informe de la UBA: cu\u00e1l es el municipio del AMBA con peor calidad de vida\" \/><\/figure>\n\n\n\n<p class=\"wp-block-paragraph\">El municipio de&nbsp;<strong>Ezeiza<\/strong>&nbsp;tambi\u00e9n fue el peor en&nbsp;<strong>Pol\u00edtica-Institucional<\/strong>&nbsp;(<strong>1,48<\/strong>), que examina la habilidad de los gobiernos locales para gestionar recursos, promover la participaci\u00f3n de la ciudadan\u00eda y garantizar procesos transparentes. Este enfoque permite identificar fortalezas y debilidades en la administraci\u00f3n p\u00fablica, as\u00ed como en la interacci\u00f3n entre autoridades y habitantes.<\/p>\n\n\n\n<figure data-spectra-id=\"spectra-f0a8d492-dd58-44f5-83f3-5ab53f337a5f\" class=\"wp-block-image\"><img decoding=\"async\" src=\"https:\/\/www.infobae.com\/resizer\/v2\/4QSFXHFAHFBU5EPBCHKYWCSSNY.jpg?auth=36bd700fab5fd1ff72a06ad807fa0386b5f24f126c342b06123818288300403c&amp;smart=true&amp;width=350&amp;height=241&amp;quality=85\" alt=\"4QSFXHFAHFBU5EPBCHKYWCSSNY\" title=\"Informe de la UBA: cu\u00e1l es el municipio del AMBA con peor calidad de vida\" \/><\/figure>\n\n\n\n<p class=\"wp-block-paragraph\">El municipio tambi\u00e9n apareci\u00f3 \u00faltimo en&nbsp;<strong>Desarrollo Econ\u00f3mico<\/strong>&nbsp;(<strong>1,98<\/strong>), cuya evaluaci\u00f3n se centra en la&nbsp;<strong>solvencia econ\u00f3mica<\/strong>, la&nbsp;<strong>competitividad<\/strong>, la capacidad de atraer inversiones y la proyecci\u00f3n internacional de la ciudad. Estos elementos determinan la posici\u00f3n de una urbe en el contexto global y su potencial para generar oportunidades de crecimiento.<\/p>\n\n\n\n<figure data-spectra-id=\"spectra-1ec08db6-e4b3-41e3-a894-ceabe3a1f332\" class=\"wp-block-image\"><img decoding=\"async\" src=\"https:\/\/www.infobae.com\/resizer\/v2\/OKNL7HRXBVH7RE7466SN3BH2TU.jpg?auth=bbc72b0bf4ad649144df292d8f5dbac8d11011a9fedcfb4f74d64027ccda7bca&amp;smart=true&amp;width=350&amp;height=241&amp;quality=85\" alt=\"OKNL7HRXBVH7RE7466SN3BH2TU\" title=\"Informe de la UBA: cu\u00e1l es el municipio del AMBA con peor calidad de vida\" \/><\/figure>\n\n\n\n<p class=\"wp-block-paragraph\">En el rubro&nbsp;<strong>Sociedad<\/strong>&nbsp;con&nbsp;<strong>1,91&nbsp;<\/strong>puntos, Ezeiza tambi\u00e9n apareci\u00f3 en el \u00faltimo lugar. Esta dimensi\u00f3n abarca la significancia de&nbsp;<strong>potenciar el capital humano de cada una de las ciudades&nbsp;<\/strong>poniendo \u00e9nfasis en factores de desarrollo social que hacen a la cohesi\u00f3n y pone su foco en la educaci\u00f3n, la cultura, el empleo, la salud y la seguridad.<\/p>\n\n\n\n<figure data-spectra-id=\"spectra-3f5e8c3f-4936-4be6-aec6-10f25de93e12\" class=\"wp-block-image\"><img decoding=\"async\" src=\"https:\/\/www.infobae.com\/resizer\/v2\/D4DDVIYLHFAWTD6DJBOSNKYNKA.jpg?auth=0cc9869fbd7ead232add093958c46cdd0053dd9d02a9260ecbfe0cab3ee9cb0d&amp;smart=true&amp;width=350&amp;height=241&amp;quality=85\" alt=\"D4DDVIYLHFAWTD6DJBOSNKYNKA\" title=\"Informe de la UBA: cu\u00e1l es el municipio del AMBA con peor calidad de vida\" \/><\/figure>\n\n\n\n<p class=\"wp-block-paragraph\">Esta dimensi\u00f3n es clave, ya que existe un consenso global respecto a la importancia que asume el nivel educativo y el acceso a la cultura como herramientas vitales en la construcci\u00f3n de una ciudad inteligente\u201d, puntualiza el estudio sobre el \u00edtem.<\/p>\n\n\n\n<p class=\"wp-block-paragraph\">En contrapartida, su mejor desempe\u00f1o relativo se registr\u00f3 en&nbsp;<strong>Tecnolog\u00eda e Infraestructura<\/strong>, con&nbsp;<strong>2,48 puntos<\/strong>, que considera la cobertura de servicios p\u00fablicos, el acceso a la tecnolog\u00eda y la aplicaci\u00f3n de innovaciones.<\/p>\n\n\n\n<figure data-spectra-id=\"spectra-c2df31af-9bfc-4461-b154-6e6d01a2befd\" class=\"wp-block-image\"><img decoding=\"async\" src=\"https:\/\/www.infobae.com\/resizer\/v2\/URFEGIIX5NALPD7KNBXBBMYDYA.jpg?auth=8bdc82b71bff2be616da68ef191cb952458a96ba2f4967909bdb36e5f9e206e5&amp;smart=true&amp;width=350&amp;height=241&amp;quality=85\" alt=\"URFEGIIX5NALPD7KNBXBBMYDYA\" title=\"Informe de la UBA: cu\u00e1l es el municipio del AMBA con peor calidad de vida\" \/><\/figure>\n\n\n\n<p class=\"wp-block-paragraph\">Estos indicadores reflejan el grado de modernizaci\u00f3n de la ciudad y su capacidad para adaptarse a los desaf\u00edos contempor\u00e1neos.<\/p>\n\n\n\n<p class=\"wp-block-paragraph\">Fuente:<a href=\"https:\/\/www.infobae.com\/\"> Infobae.com<\/a><\/p>","protected":false},"excerpt":{"rendered":"<p>Un nuevo estudio de la Facultad de Ciencias Econ\u00f3micas, de la&nbsp;Universidad de Buenos Aires&nbsp;(UBA), analiz\u00f3 la gesti\u00f3n de los&nbsp;24 municipios&nbsp;que integran el AMBA y determin\u00f3&nbsp;cu\u00e1l es el distrito con peor calidad de vida.Te puede interesar:Impactante incendio de un dep\u00f3sito de electrodom\u00e9sticos en La Plata: se derrumb\u00f3 parte del edificio y cayeron lavarropas y heladeras Para [&hellip;]<\/p>\n","protected":false},"author":9,"featured_media":122261,"comment_status":"open","ping_status":"open","sticky":false,"template":"","format":"standard","meta":{"site-sidebar-layout":"default","site-content-layout":"","ast-site-content-layout":"default","site-content-style":"default","site-sidebar-style":"default","ast-global-header-display":"","ast-banner-title-visibility":"","ast-main-header-display":"","ast-hfb-above-header-display":"","ast-hfb-below-header-display":"","ast-hfb-mobile-header-display":"","site-post-title":"","ast-breadcrumbs-content":"","ast-featured-img":"","footer-sml-layout":"","ast-disable-related-posts":"","theme-transparent-header-meta":"","adv-header-id-meta":"","stick-header-meta":"","header-above-stick-meta":"","header-main-stick-meta":"","header-below-stick-meta":"","astra-migrate-meta-layouts":"default","ast-page-background-enabled":"default","ast-page-background-meta":{"desktop":{"background-color":"","background-image":"","background-repeat":"repeat","background-position":"center center","background-size":"auto","background-attachment":"scroll","background-type":"","background-media":"","overlay-type":"","overlay-color":"","overlay-opacity":"","overlay-gradient":""},"tablet":{"background-color":"","background-image":"","background-repeat":"repeat","background-position":"center center","background-size":"auto","background-attachment":"scroll","background-type":"","background-media":"","overlay-type":"","overlay-color":"","overlay-opacity":"","overlay-gradient":""},"mobile":{"background-color":"","background-image":"","background-repeat":"repeat","background-position":"center center","background-size":"auto","background-attachment":"scroll","background-type":"","background-media":"","overlay-type":"","overlay-color":"","overlay-opacity":"","overlay-gradient":""}},"ast-content-background-meta":{"desktop":{"background-color":"var(--ast-global-color-5)","background-image":"","background-repeat":"repeat","background-position":"center center","background-size":"auto","background-attachment":"scroll","background-type":"","background-media":"","overlay-type":"","overlay-color":"","overlay-opacity":"","overlay-gradient":""},"tablet":{"background-color":"var(--ast-global-color-5)","background-image":"","background-repeat":"repeat","background-position":"center center","background-size":"auto","background-attachment":"scroll","background-type":"","background-media":"","overlay-type":"","overlay-color":"","overlay-opacity":"","overlay-gradient":""},"mobile":{"background-color":"var(--ast-global-color-5)","background-image":"","background-repeat":"repeat","background-position":"center center","background-size":"auto","background-attachment":"scroll","background-type":"","background-media":"","overlay-type":"","overlay-color":"","overlay-opacity":"","overlay-gradient":""}},"footnotes":""},"categories":[2],"tags":[],"class_list":["post-122260","post","type-post","status-publish","format-standard","has-post-thumbnail","hentry","category-politica"],"spectra_blocks_featured_image_url":{"thumbnail":{"url":"https:\/\/100xd.com.ar\/wp-content\/uploads\/2025\/07\/ezeiza-1-150x150.jpg","width":150,"height":150},"medium":{"url":"https:\/\/100xd.com.ar\/wp-content\/uploads\/2025\/07\/ezeiza-1-300x169.jpg","width":300,"height":169},"medium_large":{"url":"https:\/\/100xd.com.ar\/wp-content\/uploads\/2025\/07\/ezeiza-1-768x432.jpg","width":768,"height":432},"large":{"url":"https:\/\/100xd.com.ar\/wp-content\/uploads\/2025\/07\/ezeiza-1.jpg","width":992,"height":558},"full":{"url":"https:\/\/100xd.com.ar\/wp-content\/uploads\/2025\/07\/ezeiza-1.jpg","width":992,"height":558}},"spectra_blocks_author_info":{"display_name":"Jorge Alfredo Baret","avatar_url":"https:\/\/secure.gravatar.com\/avatar\/31696f5ca83439b642450ec7d3f82f98451a5efacb414343d5478c982b337f26?s=96&d=mm&r=g","author_link":"https:\/\/100xd.com.ar\/en\/author\/jorge\/","description":"Ingeniero Qu\u00edmico UTN - Director Apoderado de Comunicaciones Auditadas SA. Editor Responsable 100xd.com.ar."},"_links":{"self":[{"href":"https:\/\/100xd.com.ar\/en\/wp-json\/wp\/v2\/posts\/122260","targetHints":{"allow":["GET"]}}],"collection":[{"href":"https:\/\/100xd.com.ar\/en\/wp-json\/wp\/v2\/posts"}],"about":[{"href":"https:\/\/100xd.com.ar\/en\/wp-json\/wp\/v2\/types\/post"}],"author":[{"embeddable":true,"href":"https:\/\/100xd.com.ar\/en\/wp-json\/wp\/v2\/users\/9"}],"replies":[{"embeddable":true,"href":"https:\/\/100xd.com.ar\/en\/wp-json\/wp\/v2\/comments?post=122260"}],"version-history":[{"count":1,"href":"https:\/\/100xd.com.ar\/en\/wp-json\/wp\/v2\/posts\/122260\/revisions"}],"predecessor-version":[{"id":122262,"href":"https:\/\/100xd.com.ar\/en\/wp-json\/wp\/v2\/posts\/122260\/revisions\/122262"}],"wp:featuredmedia":[{"embeddable":true,"href":"https:\/\/100xd.com.ar\/en\/wp-json\/wp\/v2\/media\/122261"}],"wp:attachment":[{"href":"https:\/\/100xd.com.ar\/en\/wp-json\/wp\/v2\/media?parent=122260"}],"wp:term":[{"taxonomy":"category","embeddable":true,"href":"https:\/\/100xd.com.ar\/en\/wp-json\/wp\/v2\/categories?post=122260"},{"taxonomy":"post_tag","embeddable":true,"href":"https:\/\/100xd.com.ar\/en\/wp-json\/wp\/v2\/tags?post=122260"}],"curies":[{"name":"wp","href":"https:\/\/api.w.org\/{rel}","templated":true}]}}