{"id":122008,"date":"2025-07-11T11:30:45","date_gmt":"2025-07-11T14:30:45","guid":{"rendered":"https:\/\/100xd.com.ar\/?p=122008"},"modified":"2025-07-11T11:30:45","modified_gmt":"2025-07-11T14:30:45","slug":"el-senado-sanciono-las-leyes-jubilatorias-la-reactivacion-de-la-moratoria-y-la-emergencia-en-discapacidad","status":"publish","type":"post","link":"https:\/\/100xd.com.ar\/en\/el-senado-sanciono-las-leyes-jubilatorias-la-reactivacion-de-la-moratoria-y-la-emergencia-en-discapacidad\/","title":{"rendered":"El Senado sancion\u00f3 las leyes jubilatorias, la reactivaci\u00f3n de la moratoria y la emergencia en discapacidad"},"content":{"rendered":"<p class=\"wp-block-paragraph\">En una jornada de duras derrotas para la Casa Rosada,&nbsp;<strong>el conglomerado opositor liderado por el kirchnerismo m\u00e1s un pu\u00f1ado de radicales, una dialoguista alejada del PRO y silvestres provinciales<\/strong>&nbsp;del Senado&nbsp;<strong>sancion\u00f3 esta tarde las leyes que mejoran las castigadas jubilaciones, que reactiva la moratoria previsional, y que declara la emergencia en discapacidad<\/strong>.<a href=\"https:\/\/www.infobae.com\/politica\/2025\/07\/11\/veto-jubilatorio-tras-el-anuncio-de-milei-que-tan-cerca-esta-el-gobierno-de-juntar-a-los-87-heroes-en-diputados\/\" target=\"_blank\" rel=\"noreferrer noopener\">Te puede interesar:<strong>Veto jubilatorio: tras el anuncio de Milei, qu\u00e9 tan cerca est\u00e1 el Gobierno de juntar a los \u201c87 h\u00e9roes\u201d en Diputados<\/strong><\/a><\/p>\n\n\n\n<p class=\"wp-block-paragraph\">Todo esto<strong>&nbsp;ocurri\u00f3 ante un oficialismo sin defensa y con la Casa Rosada m\u00e1s preocupada en echarle la culpa a la vicepresidenta, Victoria Villarruel, en medio de una sesi\u00f3n en la que se destroz\u00f3 el reglamento<\/strong>, m\u00e1s all\u00e1 de la validaci\u00f3n de la misma por el pleno de la C\u00e1mara alta que, en este sentido, es soberano en cuanto a sus decisiones en el recinto. Ahora, el Gobierno prepara vetos y analiza una potencial judicializaci\u00f3n sobre lo actuado.<\/p>\n\n\n\n<h2 class=\"wp-block-heading\">Jubilaciones y moratoria<\/h2>\n\n\n\n<p class=\"wp-block-paragraph\"><strong>La ley implica un aumento real para todos los haberes y pensiones del 7,2%<\/strong>&nbsp;-excepto los reg\u00edmenes especiales-&nbsp;<strong>y un incremento para el bono<\/strong>, que pasar\u00eda de $70 mil a $110 mil y se actualizar\u00eda por inflaci\u00f3n.&nbsp;<strong>La principal cr\u00edtica es la conversi\u00f3n de esto \u00faltimo a un derecho para siempre<\/strong>.<a href=\"https:\/\/www.infobae.com\/politica\/2025\/07\/11\/tras-el-fuerte-reves-en-el-senado-milei-descarta-convocar-a-los-gobernadores-y-se-profundiza-el-enojo\/\" target=\"_blank\" rel=\"noreferrer noopener\">Te puede interesar:<strong>Tras el fuerte rev\u00e9s en el Senado, Milei descarta convocar a los gobernadores y se profundiza el enojo<\/strong><\/a><\/p>\n\n\n\n<p class=\"wp-block-paragraph\">En tanto,&nbsp;<strong>la restituci\u00f3n por dos a\u00f1os de la moratoria implica la reactivaci\u00f3n del sistema que permite que las personas sin los 30 a\u00f1os de aportes puedan comprar los saldos faltantes<\/strong>&nbsp;para acceder al haber m\u00ednimo.<\/p>\n\n\n\n<p class=\"wp-block-paragraph\">Como miembro informante de la oposici\u00f3n, el camporista&nbsp;<strong>Mariano Recalde<\/strong>&nbsp;critic\u00f3 que el \u201cbono est\u00e9 congelado desde marzo del a\u00f1o pasado\u201d y consider\u00f3 que \u201ceste peque\u00f1o aumento apenas alcanza para un par de docenas de empanadas, o para cubrir alguno de los servicios que deben pagar jubilados\u201d.<a href=\"https:\/\/www.infobae.com\/economia\/2025\/07\/11\/nuevo-guino-del-gobierno-a-los-inversores-veto-al-aumento-del-gasto-y-compromiso-de-superavit-fiscal\/\" target=\"_blank\" rel=\"noreferrer noopener\">Te puede interesar:<strong>Nuevo gui\u00f1o del Gobierno a los inversores: veto al aumento del gasto y compromiso de super\u00e1vit fiscal<\/strong><\/a><img loading=\"lazy\" decoding=\"async\" alt=\"La vicepresidenta y titular de\" height=\"2249\" src=\"https:\/\/www.infobae.com\/resizer\/v2\/MFGS5HLRRFF3TFJ4GP3Y7JKB5U.jpg?auth=8ef33199daa9efaf14390070e84c871c4530811f5e18318d8c202f8483e525eb&amp;smart=true&amp;width=350&amp;height=262&amp;quality=85\" width=\"3000\" title=\"El Senado sancion\u00f3 las leyes jubilatorias, la reactivaci\u00f3n de la moratoria y la emergencia en discapacidad\">La vicepresidenta y titular de la C\u00e1mara alta, Victoria Villarruel<\/p>\n\n\n\n<p class=\"wp-block-paragraph\">\u201c<strong>No es una excusa el equilibrio fiscal, ya que existen fuentes de financiamiento propias que permitir\u00edan llevar este alivio<\/strong>\u201d, aclar\u00f3 el senador por la Ciudad de Buenos Aires. En ese sentido, apunt\u00f3 a exenciones al IVA para ciertos sectores, ahorro por modificaciones en intereses de deuda y redireccionamiento de partidas.<\/p>\n\n\n\n<p class=\"wp-block-paragraph\">Recalde agreg\u00f3 informaci\u00f3n sobre el endeudamiento de familias, que se duplic\u00f3 entre marzo de 2024 y el mismo mes del corriente a\u00f1o. Tambi\u00e9n adelant\u00f3 el apoyo a la moratoria y record\u00f3 la recuperaci\u00f3n del sistema previsional. Curioso que, despu\u00e9s de varias gestiones kirchneristas y de otros dos espacios pol\u00edticos -uno de los \u00faltimos, en pleno desarrollo-, los problemas sean mucho m\u00e1s graves, con un mecanismo al l\u00edmite.<\/p>\n\n\n\n<p class=\"wp-block-paragraph\">Por el macrismo, la titular de la comisi\u00f3n de Trabajo y aliada libertaria,&nbsp;<strong>Carmen \u00c1lvarez Rivero<\/strong>&nbsp;(C\u00f3rdoba), precis\u00f3: \u201cMe preocupan los jubilados y si de verdad queremos ayudarlos debemos tomar el toro por las astas y resolver entonces el problema de diez millones de trabajadores argentinos que est\u00e1n en la informalidad y no aportan\u201d. Claro est\u00e1 que rechaz\u00f3 el proyecto.<\/p>\n\n\n\n<p class=\"wp-block-paragraph\">Desde el Pro disidente -fue electa legisladora porte\u00f1a junto al ex alcalde&nbsp;<strong>Horacio Rodr\u00edguez Larreta<\/strong>-,&nbsp;<strong>Guadalupe Tagliaferri<\/strong>&nbsp;asegur\u00f3: \u201c<strong>Ning\u00fan otro sector sufri\u00f3 tanta p\u00e9rdida como los jubilados. Son la casta para el Gobierno, por m\u00e1s que desde el relato digan cosas distintas<\/strong>. No niego la importancia de equilibrio fiscal y que la macro debe estar ordenada, pero este proyecto tiene fuentes de financiamiento\u201d.<\/p>\n\n\n\n<p class=\"wp-block-paragraph\">Tagliaferri se despeg\u00f3 -al igual que en otras ocasiones- de la moratoria previsional. \u201cNunca se resuelve el problema de fondo y cada un par de a\u00f1os estamos discutiendo de nuevo esto.&nbsp;<strong>Si el 67% de la vida laboral se tiene que estar en blanco, con niveles de informalidad alt\u00edsimos, es imposible que una persona pueda acceder a una jubilaci\u00f3n<\/strong>\u201d, manifest\u00f3.<img loading=\"lazy\" decoding=\"async\" alt=\"El senador radical Pablo Blanco\" height=\"1280\" src=\"https:\/\/www.infobae.com\/resizer\/v2\/5OVDOIYWQNA5JO4G4O2HKRQPTQ.jpg?auth=8240628a4bb5d2f94a162d22ade7a5bb21cd8ef24df822353ab488433a4a8d66&amp;smart=true&amp;width=350&amp;height=233&amp;quality=85\" width=\"1920\" title=\"El Senado sancion\u00f3 las leyes jubilatorias, la reactivaci\u00f3n de la moratoria y la emergencia en discapacidad\">El senador radical Pablo Blanco<\/p>\n\n\n\n<p class=\"wp-block-paragraph\">\u201cCreo y sigo sosteniendo en un sistema solidario, justo y equitativo, pero es imposible que la poca cantidad de gente en blanco pueda sostener a los de la informalidad\u201d, sum\u00f3. Seguido a ello, record\u00f3 un proyecto que empuja junto a otros senadores para garantizar un ingreso m\u00ednimo a la vejez y que a ello se sumen los a\u00f1os de aportes seg\u00fan la proporcionalidad de tiempo trabajado.<\/p>\n\n\n\n<p class=\"wp-block-paragraph\">\u201cLos jubilados ganan $900.000. As\u00ed lo dijo el ministro de Econom\u00eda &#8211;<strong>Luis Caputo<\/strong>-, pero no vivo en un pa\u00eds con esa jubilaci\u00f3n promedio\u201d, afirm\u00f3 el radical&nbsp;<strong>Pablo Blanco&nbsp;<\/strong>(Tierra del Fuego), quien indic\u00f3 su oposici\u00f3n a un art\u00edculo y adhiri\u00f3 al rechazo de la moratoria previsional.<\/p>\n\n\n\n<h2 class=\"wp-block-heading\">Emergencia en discapacidad<\/h2>\n\n\n\n<p class=\"wp-block-paragraph\"><strong>La iniciativa estar\u00e1 vigente hasta el 31 de diciembre de 2027, es decir, pasado el final del Gobierno libertario, y reformula las pensiones no contributivas y actualiza aranceles<\/strong>, as\u00ed como compensaciones econ\u00f3micas, entre otras cuestiones.<\/p>\n\n\n\n<p class=\"wp-block-paragraph\">\u201c<strong>Tenemos que actualizar el Certificado \u00danico de Discapacidad. El tr\u00e1mite con el CUD es hoy toda una complicaci\u00f3n<\/strong>&nbsp;y este proyecto propone una metodolog\u00eda en este sentido\u201d, subray\u00f3 el peronista puntano y vice de la comisi\u00f3n de Presupuesto y Hacienda,&nbsp;<strong>Fernando Salino<\/strong>.<\/p>\n\n\n\n<p class=\"wp-block-paragraph\">Despu\u00e9s fue el turno de las camporista&nbsp;<strong>Stefan\u00eda Cora<\/strong>&nbsp;(Entre R\u00edos), quien advirti\u00f3 que \u201cel Estado est\u00e1 en deuda\u201d y que el texto \u201cpone requisitos claros y exige auditor\u00edas\u201d. En el mismo sentido se expres\u00f3 el cordob\u00e9s -y amigo de&nbsp;<strong>Javier Milei<\/strong>&#8211;&nbsp;<strong>Luis Juez<\/strong>&nbsp;(C\u00f3rdoba): \u201cAlguien tiene que hablar y contar lo que ellos no pueden. Esta ley de emergencia m\u00ednimamente, porque ni siquiera es una reparaci\u00f3n, intenta darle a un sector invisibilizado de la sociedad un acompa\u00f1amiento\u201d.<img loading=\"lazy\" decoding=\"async\" alt=\"La legisladora macrista y aliada\" height=\"1999\" src=\"https:\/\/www.infobae.com\/resizer\/v2\/AWSQMVCZ4ZHDJA7JQY4IOJWBFU.jpg?auth=65557c5eef48201730aa5f78f5fce4019ccb99e9bc72faf19a4cd115cbf1ae17&amp;smart=true&amp;width=350&amp;height=233&amp;quality=85\" width=\"3000\" title=\"El Senado sancion\u00f3 las leyes jubilatorias, la reactivaci\u00f3n de la moratoria y la emergencia en discapacidad\">La legisladora macrista y aliada libertaria Carmen \u00c1lvarez Rivero<\/p>\n\n\n\n<h2 class=\"wp-block-heading\">Votaciones de ambas leyes<\/h2>\n\n\n\n<p class=\"wp-block-paragraph\">Primero fue el turno de la iniciativa jubilatoria, que en&nbsp;<strong>la votaci\u00f3n en general obtuvo 52 adhesiones, ning\u00fan rechazo y cuatro abstenciones<\/strong>. Luego, se procedi\u00f3 a la particular, que se dividi\u00f3 en bloques de art\u00edculos y, pese a diferentes resultados, igual tuvo luz verde y, por lo tanto, la ley qued\u00f3 sancionada.<\/p>\n\n\n\n<p class=\"wp-block-paragraph\">Como los senadores se dieron cuenta de que la moratoria tambi\u00e9n contaba con los votos necesarios, se realiz\u00f3 una sola -general y particular:&nbsp;<strong>39 avales, 14 negativos y una abstenci\u00f3n<\/strong>. Todas estas resoluciones&nbsp;<strong>fueron a viva voz, ya que el sistema de pantallas y transmisi\u00f3n de datos fall\u00f3 y no logr\u00f3 restablecerse, de manera llamativa, por un largo tiempo<\/strong>.<\/p>\n\n\n\n<p class=\"wp-block-paragraph\">El \u00faltimo turno fue el de la emergencia en discapacidad, que<strong>\u00a0s\u00ed pudo realizarse por medios electr\u00f3nicos: 56 afirmativos<\/strong>.n<\/p>\n\n\n\n<p class=\"wp-block-paragraph\">Fuente: <a href=\"https:\/\/www.infobae.com\/\">Infobae.com<\/a><\/p>","protected":false},"excerpt":{"rendered":"<p>En una jornada de duras derrotas para la Casa Rosada,&nbsp;el conglomerado opositor liderado por el kirchnerismo m\u00e1s un pu\u00f1ado de radicales, una dialoguista alejada del PRO y silvestres provinciales&nbsp;del Senado&nbsp;sancion\u00f3 esta tarde las leyes que mejoran las castigadas jubilaciones, que reactiva la moratoria previsional, y que declara la emergencia en discapacidad.Te puede interesar:Veto jubilatorio: tras [&hellip;]<\/p>\n","protected":false},"author":9,"featured_media":122009,"comment_status":"open","ping_status":"open","sticky":false,"template":"","format":"standard","meta":{"site-sidebar-layout":"default","site-content-layout":"","ast-site-content-layout":"default","site-content-style":"default","site-sidebar-style":"default","ast-global-header-display":"","ast-banner-title-visibility":"","ast-main-header-display":"","ast-hfb-above-header-display":"","ast-hfb-below-header-display":"","ast-hfb-mobile-header-display":"","site-post-title":"","ast-breadcrumbs-content":"","ast-featured-img":"","footer-sml-layout":"","ast-disable-related-posts":"","theme-transparent-header-meta":"","adv-header-id-meta":"","stick-header-meta":"","header-above-stick-meta":"","header-main-stick-meta":"","header-below-stick-meta":"","astra-migrate-meta-layouts":"default","ast-page-background-enabled":"default","ast-page-background-meta":{"desktop":{"background-color":"","background-image":"","background-repeat":"repeat","background-position":"center center","background-size":"auto","background-attachment":"scroll","background-type":"","background-media":"","overlay-type":"","overlay-color":"","overlay-opacity":"","overlay-gradient":""},"tablet":{"background-color":"","background-image":"","background-repeat":"repeat","background-position":"center center","background-size":"auto","background-attachment":"scroll","background-type":"","background-media":"","overlay-type":"","overlay-color":"","overlay-opacity":"","overlay-gradient":""},"mobile":{"background-color":"","background-image":"","background-repeat":"repeat","background-position":"center center","background-size":"auto","background-attachment":"scroll","background-type":"","background-media":"","overlay-type":"","overlay-color":"","overlay-opacity":"","overlay-gradient":""}},"ast-content-background-meta":{"desktop":{"background-color":"var(--ast-global-color-5)","background-image":"","background-repeat":"repeat","background-position":"center center","background-size":"auto","background-attachment":"scroll","background-type":"","background-media":"","overlay-type":"","overlay-color":"","overlay-opacity":"","overlay-gradient":""},"tablet":{"background-color":"var(--ast-global-color-5)","background-image":"","background-repeat":"repeat","background-position":"center center","background-size":"auto","background-attachment":"scroll","background-type":"","background-media":"","overlay-type":"","overlay-color":"","overlay-opacity":"","overlay-gradient":""},"mobile":{"background-color":"var(--ast-global-color-5)","background-image":"","background-repeat":"repeat","background-position":"center center","background-size":"auto","background-attachment":"scroll","background-type":"","background-media":"","overlay-type":"","overlay-color":"","overlay-opacity":"","overlay-gradient":""}},"footnotes":""},"categories":[25],"tags":[],"class_list":["post-122008","post","type-post","status-publish","format-standard","has-post-thumbnail","hentry","category-destacado"],"spectra_blocks_featured_image_url":{"thumbnail":{"url":"https:\/\/100xd.com.ar\/wp-content\/uploads\/2025\/07\/senado-150x150.jpg","width":150,"height":150},"medium":{"url":"https:\/\/100xd.com.ar\/wp-content\/uploads\/2025\/07\/senado-300x200.jpg","width":300,"height":200},"medium_large":{"url":"https:\/\/100xd.com.ar\/wp-content\/uploads\/2025\/07\/senado-768x512.jpg","width":768,"height":512},"large":{"url":"https:\/\/100xd.com.ar\/wp-content\/uploads\/2025\/07\/senado.jpg","width":992,"height":661},"full":{"url":"https:\/\/100xd.com.ar\/wp-content\/uploads\/2025\/07\/senado.jpg","width":992,"height":661}},"spectra_blocks_author_info":{"display_name":"Jorge Alfredo Baret","avatar_url":"https:\/\/secure.gravatar.com\/avatar\/31696f5ca83439b642450ec7d3f82f98451a5efacb414343d5478c982b337f26?s=96&d=mm&r=g","author_link":"https:\/\/100xd.com.ar\/en\/author\/jorge\/","description":"Ingeniero Qu\u00edmico UTN - Director Apoderado de Comunicaciones Auditadas SA. Editor Responsable 100xd.com.ar."},"_links":{"self":[{"href":"https:\/\/100xd.com.ar\/en\/wp-json\/wp\/v2\/posts\/122008","targetHints":{"allow":["GET"]}}],"collection":[{"href":"https:\/\/100xd.com.ar\/en\/wp-json\/wp\/v2\/posts"}],"about":[{"href":"https:\/\/100xd.com.ar\/en\/wp-json\/wp\/v2\/types\/post"}],"author":[{"embeddable":true,"href":"https:\/\/100xd.com.ar\/en\/wp-json\/wp\/v2\/users\/9"}],"replies":[{"embeddable":true,"href":"https:\/\/100xd.com.ar\/en\/wp-json\/wp\/v2\/comments?post=122008"}],"version-history":[{"count":1,"href":"https:\/\/100xd.com.ar\/en\/wp-json\/wp\/v2\/posts\/122008\/revisions"}],"predecessor-version":[{"id":122010,"href":"https:\/\/100xd.com.ar\/en\/wp-json\/wp\/v2\/posts\/122008\/revisions\/122010"}],"wp:featuredmedia":[{"embeddable":true,"href":"https:\/\/100xd.com.ar\/en\/wp-json\/wp\/v2\/media\/122009"}],"wp:attachment":[{"href":"https:\/\/100xd.com.ar\/en\/wp-json\/wp\/v2\/media?parent=122008"}],"wp:term":[{"taxonomy":"category","embeddable":true,"href":"https:\/\/100xd.com.ar\/en\/wp-json\/wp\/v2\/categories?post=122008"},{"taxonomy":"post_tag","embeddable":true,"href":"https:\/\/100xd.com.ar\/en\/wp-json\/wp\/v2\/tags?post=122008"}],"curies":[{"name":"wp","href":"https:\/\/api.w.org\/{rel}","templated":true}]}}