{"id":119165,"date":"2025-05-09T10:32:09","date_gmt":"2025-05-09T13:32:09","guid":{"rendered":"https:\/\/100xd.com.ar\/?p=119165"},"modified":"2025-05-09T10:32:09","modified_gmt":"2025-05-09T13:32:09","slug":"ficha-limpia-rovira-admitio-ante-su-tropa-que-el-pedido-para-cambiar-el-voto-de-sus-senadores-se-lo-hizo-directamente-javier-milei","status":"publish","type":"post","link":"https:\/\/100xd.com.ar\/en\/ficha-limpia-rovira-admitio-ante-su-tropa-que-el-pedido-para-cambiar-el-voto-de-sus-senadores-se-lo-hizo-directamente-javier-milei\/","title":{"rendered":"Ficha limpia: Rovira admiti\u00f3 ante su tropa que el pedido para cambiar el voto de sus senadores se lo hizo directamente Javier Milei"},"content":{"rendered":"<p class=\"wp-block-paragraph\">Despu\u00e9s de la enorme pol\u00e9mica que se gener\u00f3 tras el fracaso del proyecto de ficha limpia, el jefe pol\u00edtico de Misiones,&nbsp;<strong>Carlos Rovira,<\/strong>&nbsp;admiti\u00f3, en conversaciones con gente de su confianza, que el cambio de voto de sus senadores, que sellaron la suerte del proyecto,&nbsp;<strong>fue un pedido directo que le hizo el presidente, Javier Milei.<\/strong><\/p>\n\n\n\n<figure data-spectra-id=\"spectra-ae4bd259-2136-4b85-b594-d9f47b8ed70d\" class=\"wp-block-image\"><img decoding=\"async\" src=\"https:\/\/resizer.glanacion.com\/resizer\/v2\/al-final-de-la-sesion-legislativa-rovira-se-quedo-LBRBOI6F7BBOZKXKKN4W2S4Z5I.jpeg?auth=b0d75e2132d5b0077dac4d093339a2372c847299eedd1b4a179afcf375f5dd74&amp;width=420&amp;height=316&amp;quality=70&amp;smart=true\" alt=\"Al final de la sesi\u00f3n legislativa, Rovira se qued\u00f3 saludando allegados. LA NACI\u00d3N le pidi\u00f3 hacer alg\u00fan comentario, pero declin\u00f3\" title=\"Ficha limpia: Rovira admiti\u00f3 ante su tropa que el pedido para cambiar el voto de sus senadores se lo hizo directamente Javier Milei\" \/><figcaption>Al final de la sesi\u00f3n legislativa, Rovira se qued\u00f3 saludando allegados. LA NACI\u00d3N le pidi\u00f3 hacer alg\u00fan comentario, pero declin\u00f3<\/figcaption><\/figure>\n\n\n\n<p class=\"wp-block-paragraph\">Adem\u00e1s, se mostr\u00f3 a favor de hacer caer ficha limpia y de no proscribir a nadie, ni siquiera a&nbsp;<strong>Cristina Kirchner<\/strong>, una figura con quien siempre tuvo una relaci\u00f3n tirante y por quien no guarda simpat\u00edas.<\/p>\n\n\n\n<p class=\"wp-block-paragraph\">Tambi\u00e9n explic\u00f3 que el proyecto hubiera favorecido a&nbsp;<strong>Silvia Lospennato<\/strong>&nbsp;y a&nbsp;<strong>Mauricio Macri<\/strong>&nbsp;en las pr\u00f3ximas elecciones en CABA.<\/p>\n\n\n\n<figure data-spectra-id=\"spectra-8809c2a2-efa6-49ba-abac-4bced10c46b0\" class=\"wp-block-image\"><img decoding=\"async\" src=\"https:\/\/resizer.glanacion.com\/resizer\/v2\/con-pocas-horas-de-sueno-y-la-tension-acumulada-OYXBI3P3PJCHRHDHW32JTQCSX4.jpg?auth=f8b5710f4ebf9ed6add8368786ab491c5eb383d549590dc2fe4d6c0478ee36a9&amp;width=420&amp;height=315&amp;quality=70&amp;smart=true\" alt=\"Con pocas horas de sue\u00f1o y la tensi\u00f3n acumulada, Carlos Arce y Sonia Rojas Decut reci\u00e9n se relajaron cuando comprobaron que &quot;el jefe&quot; los felicit\u00f3 y estaba tranquilo con la pol\u00e9mica decisi\u00f3n tomada. Ac\u00e1 en una foto con Roque Gervasoni, el funcionario del oficialismo m\u00e1s &quot;picante&quot; en redes.\" title=\"Ficha limpia: Rovira admiti\u00f3 ante su tropa que el pedido para cambiar el voto de sus senadores se lo hizo directamente Javier Milei\" \/><figcaption>Con pocas horas de sue\u00f1o y la tensi\u00f3n acumulada, Carlos Arce y Sonia Rojas Decut reci\u00e9n se relajaron cuando comprobaron que &#8220;el jefe&#8221; los felicit\u00f3 y estaba tranquilo con la pol\u00e9mica decisi\u00f3n tomada. Ac\u00e1 en una foto con Roque Gervasoni, el funcionario del oficialismo m\u00e1s &#8220;picante&#8221; en redes.<\/figcaption><\/figure>\n\n\n\n<p class=\"wp-block-paragraph\">Rovira felicit\u00f3 y arrop\u00f3 a&nbsp;<strong>Sonia Rojas Decut<\/strong>&nbsp;y&nbsp;<strong>Carlos Arce<\/strong>, los senadores que torcieron su voto para hacer caer el proyecto, ante una tropa de unos 50 ministros, diputados y funcionarios de alto rango del Frente Renovador, su fuerza pol\u00edtica.<\/p>\n\n\n\n<p class=\"wp-block-paragraph\">Los dos senadores hab\u00edan tomado el vuelo de Aerol\u00edneas Argentinas en Aeroparque ayer a la ma\u00f1ana y tras reunirse primero a solas con el jefe, fueron felicitados luego p\u00fablicamente en la reuni\u00f3n que arranc\u00f3 pasadas las 16 en el Sal\u00f3n de las Dos Constituciones de la Legislatura misionera.<\/p>\n\n\n\n<p class=\"wp-block-paragraph\"><strong>LA NACI\u00d3N<\/strong>&nbsp;pidi\u00f3 permiso para participar de la reuni\u00f3n, pero no se permit\u00eda el acceso de periodistas. Tras ese encuentro, arranc\u00f3 la sesi\u00f3n en la C\u00e1mara de Diputados, donde Rovira particip\u00f3 como un legislador raso en la segunda fila.<\/p>\n\n\n\n<p class=\"wp-block-paragraph\">Se lo vio siempre sonriente y de buen talante, intercambiando algunos comentarios puntuales con algunos de sus diputados y saludando a todo el mundo.<\/p>\n\n\n\n<p class=\"wp-block-paragraph\">Al t\u00e9rmino de la jornada legislativa, Rovira se qued\u00f3 unos 20 minutos sac\u00e1ndose fotos e intercambiando algunas palabras con la gran cantidad de funcionarios y allegados que se le acercan cada vez que aparece en un acto p\u00fablico y&nbsp;<strong>LA NACI\u00d3N<\/strong>&nbsp;lo abord\u00f3 para pedirle un comentario, a pesar de que es un hombre que no suele hacer declaraciones, salvo cuando convoca a una conferencia de prensa especial y habla durante 2 o 3 horas.<\/p>\n\n\n\n<p class=\"wp-block-paragraph\">Con un gesto p\u00edcaro y una sonrisa,&nbsp;<strong>el jefe de la Renovaci\u00f3n se tap\u00f3 la cara con una carpeta que llevaba en la mano, como diciendo \u201cya no quiero salir en m\u00e1s fotos\u201d<\/strong>, declin\u00f3 hacer declaraciones y se fue, de muy buen semblante.<\/p>\n\n\n\n<p class=\"wp-block-paragraph\">Al apurar el paso, dej\u00f3 a varios con el celular en la mano y las ganas de sacarse la foto con el jefe m\u00e1ximo de la pol\u00edtica misionera desde hace casi 25 a\u00f1os.<\/p>\n\n\n\n<figure data-spectra-id=\"spectra-d9e8f10e-30f3-45cd-bf90-150a66022bee\" class=\"wp-block-image\"><img decoding=\"async\" src=\"https:\/\/resizer.glanacion.com\/resizer\/v2\/eduardo-lule-menem-carlos-rovira-y-guillermo-6SVLDUICUZH7JBSRI7HXRUPUL4.jpg?auth=5c5987b315dc2086f5bf5880b298085794a74764d59fec6d4a13ccd253e5b567&amp;width=420&amp;height=280&amp;quality=70&amp;smart=true\" alt=\"Eduardo &quot;Lule &quot;Menem, Carlos Rovira y Guillermo Francos en la oficina del ex gobernador misionero y actual diputado provincial en la Legislatura; la foto la divulg\u00f3 Francos con el consentimiento de Rovira, que busca mandar un mensaje pol\u00edtico hacia adentro y afuera: un principio de acuerdo para 2025.\" title=\"Ficha limpia: Rovira admiti\u00f3 ante su tropa que el pedido para cambiar el voto de sus senadores se lo hizo directamente Javier Milei\" \/><figcaption>Eduardo &#8220;Lule &#8220;Menem, Carlos Rovira y Guillermo Francos en la oficina del ex gobernador misionero y actual diputado provincial en la Legislatura; la foto la divulg\u00f3 Francos con el consentimiento de Rovira, que busca mandar un mensaje pol\u00edtico hacia adentro y afuera: un principio de acuerdo para 2025.<\/figcaption><\/figure>\n\n\n\n<p class=\"wp-block-paragraph\"><strong>LA NACI\u00d3N&nbsp;<\/strong>reconstruy\u00f3 la reuni\u00f3n a partir del testimonio de media docena de participantes que estuvieron en el Sal\u00f3n de las Dos Constituciones, contiguo al recinto principal, donde se hacen los encuentros que se conocen como \u201cLa Previa\u201d.<\/p>\n\n\n\n<p class=\"wp-block-paragraph\">Rovira les dijo a todos que el pedido para que los dos senadores misioneros por el oficialismo no apoyaran ficha limpia vino del propio presidente Javier Milei, quien lo llam\u00f3 en persona para efectuarle la solicitud.<\/p>\n\n\n\n<p class=\"wp-block-paragraph\">Aunque dej\u00f3 en claro que no lo va a decir p\u00fablicamente jam\u00e1s, tambi\u00e9n qued\u00f3 en evidencia que tampoco lo va a manejar como un secreto de esos que un personaje pol\u00edtico importante se lleva a la tumba.<\/p>\n\n\n\n<h3 class=\"wp-block-heading\">Reaparecieron Arce y Rojas Decut<\/h3>\n\n\n\n<p class=\"wp-block-paragraph\">Los participantes de&nbsp;<strong>\u201cLa Previa\u201d,<\/strong>&nbsp;como le llaman en el oficialismo a esos encuentros que re\u00fanen a ministros, diputados provinciales, concejales, candidatos, funcionarios, para que el l\u00edder pol\u00edtico les baje l\u00ednea, ayer tuvo un tema excluyente y&nbsp;<strong>dos figuras que concitar casi tanta atenci\u00f3n como Rovira: Sonia Rojas Decut y Carlos Arce.<\/strong><\/p>\n\n\n\n<p class=\"wp-block-paragraph\">Con evidente cara de cansancio, tras una jornada de pocas horas de sue\u00f1o y m\u00e1xima tensi\u00f3n, ambos cambiaron el gesto adusto por la sonrisa al comprobar que el jefe los felicit\u00f3 en p\u00fablico,&nbsp;<strong>se \u201chizo cargo\u201d de la pirueta pol\u00edtica ante la tropa.<\/strong><\/p>\n\n\n\n<p class=\"wp-block-paragraph\">Fue como si en ese momento, pasaran de \u201cvillanos\u201d a \u201ch\u00e9roes\u201d, al menos en la consideraci\u00f3n del mundillo oficialista, que para un pol\u00edtico de Misiones, una provincia dominada por un solo espacio pol\u00edtico, es lo \u00fanico que importa.<\/p>\n\n\n\n<figure data-spectra-id=\"spectra-74c3980d-ae9c-415b-b9a2-5064ef618e99\" class=\"wp-block-image\"><img decoding=\"async\" src=\"https:\/\/resizer.glanacion.com\/resizer\/v2\/sesion-del-senado-para-tratar-el-proyecto-de-ley-UXFXLWNEUVHGHGUEC3FQ6XXP7A.jpg?auth=3969f47d1092e4fa7c09668c5162d5fbdd35c7a95094eb420f588264d05ed6d7&amp;width=420&amp;height=280&amp;quality=70&amp;smart=true\" alt=\"Sesi\u00f3n del Senado para tratar el proyecto de ley de Ficha Limpia que finalmente no se aprob\u00f3. Di Tullio, Sagasti y Mayans.07\/05\/2025\" title=\"Ficha limpia: Rovira admiti\u00f3 ante su tropa que el pedido para cambiar el voto de sus senadores se lo hizo directamente Javier Milei\" \/><figcaption>Sesi\u00f3n del Senado para tratar el proyecto de ley de Ficha Limpia que finalmente no se aprob\u00f3. Di Tullio, Sagasti y Mayans. 07\/05\/2025Hernan Zenteno &#8211; La Nacion<\/figcaption><\/figure>\n\n\n\n<p class=\"wp-block-paragraph\"><strong>Para Arce y Rojas Decut fue un verdadero alivio.&nbsp;<\/strong>Unas 20 horas antes, pr\u00e1cticamente huyeron apenas&nbsp;<strong>Victoria Villarruel<\/strong>&nbsp;levant\u00f3 la sesi\u00f3n, aprovechando que se sientan al lado de la puerta de salida, y cuando todav\u00eda reinaba la sorpresa y el estupor entre el resto de senadores, de uno y otro lado del proyecto Ficha Limpia.<\/p>\n\n\n\n<p class=\"wp-block-paragraph\">Ninguno de los cu\u00e1les hab\u00eda ca\u00eddo en la cuenta todav\u00eda de que los grandes responsables de un nuevo \u201cbatacazo pol\u00edtico\u201d eran los dos misioneros que hac\u00edan \u201cmutis por el foro\u201d r\u00e1pidamente.<\/p>\n\n\n\n<p class=\"wp-block-paragraph\"><strong>Rovira les dio la orden de no hablar con nadie y regresar inmediatamente a la provincia en el primer avi\u00f3n.<\/strong><\/p>\n\n\n\n<p class=\"wp-block-paragraph\">Rojas Decut y Arce tomaron el jueves por la ma\u00f1ana en Aeroparque el vuelo de Aerol\u00edneas Argentinas a Posadas,&nbsp;<strong>no sin ciertos temores de sufrir alg\u00fan escrache o video donde se les recriminara su sorpresivo cambio de actitud,<\/strong>&nbsp;por parte de alg\u00fan pasajero que los reconociera. Una pieza que hubiera tenido seguro destino de viralizaci\u00f3n.<\/p>\n\n\n\n<p class=\"wp-block-paragraph\">Pero nada de eso pas\u00f3 y pudieron viajar m\u00e1s o menos tranquilos, aunque con la incertidumbre sobre c\u00f3mo seguir\u00eda su futuro pol\u00edtico. Una vez que Rovira los arrop\u00f3 reci\u00e9n ah\u00ed pudieron respirar tranquilos.<\/p>\n\n\n\n<p class=\"wp-block-paragraph\">\u201cBanco a los dos, Carlos Arce y Sonia Rojas\u201d, poste\u00f3&nbsp;<strong>Roque Gervasoni,<\/strong>&nbsp;titular del Instituto de Econom\u00eda Circular, y el funcionario renovador m\u00e1s picante en redes, tanto defendiendo las acciones oficiales como atacando a los opositores.<\/p>\n\n\n\n<p class=\"wp-block-paragraph\">Para Gervasoni, que particip\u00f3 tambi\u00e9n de \u201cLa Previa\u201d y no postear\u00eda nada que no estuviera alineado con el pensamiento rovirista, votar ficha limpia hubiera sido \u201ca medida de una candidata del Pro que pretende hacer uso de un tema tan delicado con fines electorales,&nbsp;<strong>Silvia Lospennato<\/strong>, quien quiere votos, no transparencia\u201d.<\/p>\n\n\n\n<figure data-spectra-id=\"spectra-9723cbca-cac2-4457-a6fb-edf59c9db4a8\" class=\"wp-block-image\"><img decoding=\"async\" src=\"https:\/\/resizer.glanacion.com\/resizer\/v2\/conferencia-de-prensa-de-silvia-6AEGANEQUFCHJDKWFSRIEU4AII.JPG?auth=4b7642b1ea78e42b6866d74c1fcc6d4c1b2eaacb05ee2dddaa55b5d1c113aed5&amp;width=420&amp;height=280&amp;quality=70&amp;smart=true\" alt=\"Conferencia de prensa de Silvia Lospennato\" title=\"Ficha limpia: Rovira admiti\u00f3 ante su tropa que el pedido para cambiar el voto de sus senadores se lo hizo directamente Javier Milei\" \/><figcaption>Conferencia de prensa de Silvia Lospennato<\/figcaption><\/figure>\n\n\n\n<p class=\"wp-block-paragraph\">\u201cLa conducci\u00f3n del Frente Renovador, jam\u00e1s proscribir\u00eda a nadie o utilizar\u00eda la democracia para cercenar derechos\u201d, complet\u00f3 Gervasoni, que se sac\u00f3 la \u00fanica foto que hasta ahora apareci\u00f3 de Arce y Rojas Decut.<\/p>\n\n\n\n<p class=\"wp-block-paragraph\">Gervasoni repiti\u00f3 en las redes, los argumentos que hab\u00eda bajado Rovira. M\u00e1s all\u00e1 del pedido presidencial, el jefe del oficialismo misionero no est\u00e1 de acuerdo con lo que consideraba una proscripci\u00f3n a la ex presidenta.<\/p>\n\n\n\n<p class=\"wp-block-paragraph\">\u201cRemarc\u00f3 una vez m\u00e1s que no siente ninguna cercan\u00eda con Cristina Kirchner, pero sin embargo no estaba de acuerdo con este proyecto particular y prefiere uno superador\u201d, explic\u00f3 un participante de la reuni\u00f3n, que habl\u00f3 como el resto, en&nbsp;<em>off the record<\/em>.<\/p>\n\n\n\n<h3 class=\"wp-block-heading\">Antecedentes<\/h3>\n\n\n\n<p class=\"wp-block-paragraph\">El propio Rovira se considera un proscripto por no haber podido reformar la Constituci\u00f3n provincial en 2006, cuando perdi\u00f3 el hist\u00f3rico plebiscito ante las fuerzas encabezadas por el obispo&nbsp;<strong>Joaqu\u00edn Pi\u00f1a<\/strong>.<\/p>\n\n\n\n<figure data-spectra-id=\"spectra-dcf401cc-c85f-4d4b-9c68-4d618a0a077c\" class=\"wp-block-image\"><img decoding=\"async\" src=\"https:\/\/resizer.glanacion.com\/resizer\/v2\/el-obispo-de-joaquin-ZOFJPEMZJJDV7NPBVEXXN7AYUM.jpg?auth=5062f7297daf72217a44fb306af3c8284f8eeac48bfbaa3cf3cc0b165a33852c&amp;width=420&amp;height=233&amp;quality=70&amp;smart=true\" alt=\"El obispo Joaqu\u00edn Pi\u00f1a\" title=\"Ficha limpia: Rovira admiti\u00f3 ante su tropa que el pedido para cambiar el voto de sus senadores se lo hizo directamente Javier Milei\" \/><figcaption>El obispo Joaqu\u00edn Pi\u00f1aArchivo<\/figcaption><\/figure>\n\n\n\n<p class=\"wp-block-paragraph\">Piensa que es mejor que Cristina Kirchner, a quien no quiere y con quien tuvo siempre una relaci\u00f3n tensa cuando le toc\u00f3 ser gobernador y luego jefe del oficialismo desde la Legislatura, debe ser derrotada en las urnas, en caso de que decida presentarse.<\/p>\n\n\n\n<p class=\"wp-block-paragraph\">Tambi\u00e9n remarc\u00f3 que hace unos d\u00edas la Justicia Electoral misionera, donde Rovira tiene gran influencia, no le impidi\u00f3 al exsuboficial&nbsp;<strong>Ram\u00f3n Amarilla<\/strong>, detenido en la C\u00e1rcel de Cerro Azul, presentarse como candidato a diputado provincial el 8 de junio en las elecciones donde se renovar\u00e1 la mitad de la Legislatura.<\/p>\n\n\n\n<p class=\"wp-block-paragraph\">Arce y Rojas Decut, tras participar de la reuni\u00f3n de apoyo de Rovira, se retiraron y no se quedaron a presenciar la sesi\u00f3n, como s\u00ed lo hicieron los diputados nacionales&nbsp;<strong>Alberto Arr\u00faa<\/strong>&nbsp;(exsecretario general del peronismo misionero),&nbsp;<strong>Yamila Ruiz<\/strong>&nbsp;y<strong>&nbsp;Carlos Fern\u00e1ndez<\/strong>.<\/p>\n\n\n\n<p class=\"wp-block-paragraph\">Seg\u00fan coment\u00f3 uno de esos legisladores, \u201c<strong>hasta el martes todos pens\u00e1bamos que Arce y Rojas Decut votaban a favor de ficha limpia<\/strong>. Despu\u00e9s el mi\u00e9rcoles empezaron a cruzarse llamados y nos dimos cuenta de que algo se estaba cocinando, pero no sab\u00edamos nada. Reci\u00e9n en la votaci\u00f3n nos dimos cuenta del cambio\u201d.<\/p>\n\n\n\n<p class=\"wp-block-paragraph\">En la votaci\u00f3n de ficha limpia en la C\u00e1mara de Diputados, los misioneros\u00a0<strong>Yamila Ruiz, Carlos Fern\u00e1ndez, Alberto Arrua\u00a0<\/strong>y<strong>\u00a0Daniel \u201cColo\u201d Vancsik<\/strong>\u00a0apoyaron el proyecto igual que los diputados\u00a0<strong>Emanuel Bianchetti\u00a0<\/strong>(Pro),\u00a0<strong>Florencia Klipauka\u00a0<\/strong>(Libertaria) y\u00a0<strong>Martin Arjol<\/strong>\u00a0(radical \u201cpeluca\u201d). Ese d\u00eda Misiones ostent\u00f3 \u201cvoto perfecto\u201d a favor de la Casa Rosada, siendo la \u00fanica provincia con tal nivel de apoyo a la iniciativa oficial.<\/p>\n\n\n\n<p class=\"wp-block-paragraph\">El gerente del Canal 12 estatal, Nicol\u00e1s Llera, tambi\u00e9n se sac\u00f3 fotos y las subi\u00f3 a las redes con Arce y Rojas Decut. Los felicit\u00f3 por no hacerle el juego pol\u00edtico a Silvia Lospenatto en CABA.<\/p>\n\n\n\n<p class=\"wp-block-paragraph\">Tambi\u00e9n ese d\u00eda la diputada\u00a0<strong>Vanina Biassi<\/strong>\u00a0(Partido Obrero), sali\u00f3 a criticar a Milei por la situaci\u00f3n de los peque\u00f1os productores yerbateros en Misiones. Ninguno de los misioneros la respald\u00f3 ni alz\u00f3 la voz por sus comprovincianos de las chacras. No ten\u00edan \u00f3rdenes de hacer lo contrario. Pero el jueves Arce y Rojas Decut recibieron la contraorden.<\/p>\n\n\n\n<p class=\"wp-block-paragraph\">Por\u00a0<a href=\"https:\/\/www.lanacion.com.ar\/autor\/martin-boerr-10023\/\"><strong>Mart\u00edn Boerr<\/strong><\/a><\/p>\n\n\n\n<p class=\"wp-block-paragraph\">Fuente: <a href=\"https:\/\/www.lanacion.com.ar\/\">La Naci\u00f3n<\/a><\/p>","protected":false},"excerpt":{"rendered":"<p>Despu\u00e9s de la enorme pol\u00e9mica que se gener\u00f3 tras el fracaso del proyecto de ficha limpia, el jefe pol\u00edtico de Misiones,&nbsp;Carlos Rovira,&nbsp;admiti\u00f3, en conversaciones con gente de su confianza, que el cambio de voto de sus senadores, que sellaron la suerte del proyecto,&nbsp;fue un pedido directo que le hizo el presidente, Javier Milei. Adem\u00e1s, se [&hellip;]<\/p>\n","protected":false},"author":9,"featured_media":0,"comment_status":"open","ping_status":"open","sticky":false,"template":"","format":"standard","meta":{"site-sidebar-layout":"default","site-content-layout":"","ast-site-content-layout":"default","site-content-style":"default","site-sidebar-style":"default","ast-global-header-display":"","ast-banner-title-visibility":"","ast-main-header-display":"","ast-hfb-above-header-display":"","ast-hfb-below-header-display":"","ast-hfb-mobile-header-display":"","site-post-title":"","ast-breadcrumbs-content":"","ast-featured-img":"","footer-sml-layout":"","ast-disable-related-posts":"","theme-transparent-header-meta":"","adv-header-id-meta":"","stick-header-meta":"","header-above-stick-meta":"","header-main-stick-meta":"","header-below-stick-meta":"","astra-migrate-meta-layouts":"default","ast-page-background-enabled":"default","ast-page-background-meta":{"desktop":{"background-color":"","background-image":"","background-repeat":"repeat","background-position":"center center","background-size":"auto","background-attachment":"scroll","background-type":"","background-media":"","overlay-type":"","overlay-color":"","overlay-opacity":"","overlay-gradient":""},"tablet":{"background-color":"","background-image":"","background-repeat":"repeat","background-position":"center center","background-size":"auto","background-attachment":"scroll","background-type":"","background-media":"","overlay-type":"","overlay-color":"","overlay-opacity":"","overlay-gradient":""},"mobile":{"background-color":"","background-image":"","background-repeat":"repeat","background-position":"center center","background-size":"auto","background-attachment":"scroll","background-type":"","background-media":"","overlay-type":"","overlay-color":"","overlay-opacity":"","overlay-gradient":""}},"ast-content-background-meta":{"desktop":{"background-color":"var(--ast-global-color-5)","background-image":"","background-repeat":"repeat","background-position":"center center","background-size":"auto","background-attachment":"scroll","background-type":"","background-media":"","overlay-type":"","overlay-color":"","overlay-opacity":"","overlay-gradient":""},"tablet":{"background-color":"var(--ast-global-color-5)","background-image":"","background-repeat":"repeat","background-position":"center center","background-size":"auto","background-attachment":"scroll","background-type":"","background-media":"","overlay-type":"","overlay-color":"","overlay-opacity":"","overlay-gradient":""},"mobile":{"background-color":"var(--ast-global-color-5)","background-image":"","background-repeat":"repeat","background-position":"center center","background-size":"auto","background-attachment":"scroll","background-type":"","background-media":"","overlay-type":"","overlay-color":"","overlay-opacity":"","overlay-gradient":""}},"footnotes":""},"categories":[25],"tags":[],"class_list":["post-119165","post","type-post","status-publish","format-standard","hentry","category-destacado"],"spectra_blocks_featured_image_url":null,"spectra_blocks_author_info":{"display_name":"Jorge Alfredo Baret","avatar_url":"https:\/\/secure.gravatar.com\/avatar\/31696f5ca83439b642450ec7d3f82f98451a5efacb414343d5478c982b337f26?s=96&d=mm&r=g","author_link":"https:\/\/100xd.com.ar\/en\/author\/jorge\/","description":"Ingeniero Qu\u00edmico UTN - Director Apoderado de Comunicaciones Auditadas SA. Editor Responsable 100xd.com.ar."},"_links":{"self":[{"href":"https:\/\/100xd.com.ar\/en\/wp-json\/wp\/v2\/posts\/119165","targetHints":{"allow":["GET"]}}],"collection":[{"href":"https:\/\/100xd.com.ar\/en\/wp-json\/wp\/v2\/posts"}],"about":[{"href":"https:\/\/100xd.com.ar\/en\/wp-json\/wp\/v2\/types\/post"}],"author":[{"embeddable":true,"href":"https:\/\/100xd.com.ar\/en\/wp-json\/wp\/v2\/users\/9"}],"replies":[{"embeddable":true,"href":"https:\/\/100xd.com.ar\/en\/wp-json\/wp\/v2\/comments?post=119165"}],"version-history":[{"count":1,"href":"https:\/\/100xd.com.ar\/en\/wp-json\/wp\/v2\/posts\/119165\/revisions"}],"predecessor-version":[{"id":119167,"href":"https:\/\/100xd.com.ar\/en\/wp-json\/wp\/v2\/posts\/119165\/revisions\/119167"}],"wp:attachment":[{"href":"https:\/\/100xd.com.ar\/en\/wp-json\/wp\/v2\/media?parent=119165"}],"wp:term":[{"taxonomy":"category","embeddable":true,"href":"https:\/\/100xd.com.ar\/en\/wp-json\/wp\/v2\/categories?post=119165"},{"taxonomy":"post_tag","embeddable":true,"href":"https:\/\/100xd.com.ar\/en\/wp-json\/wp\/v2\/tags?post=119165"}],"curies":[{"name":"wp","href":"https:\/\/api.w.org\/{rel}","templated":true}]}}