{"id":116782,"date":"2025-03-24T11:32:51","date_gmt":"2025-03-24T14:32:51","guid":{"rendered":"https:\/\/100xd.com.ar\/?p=116782"},"modified":"2025-03-24T11:32:51","modified_gmt":"2025-03-24T14:32:51","slug":"el-gobierno-ordeno-desclasificar-toda-la-documentacion-vinculada-al-accionar-de-las-fuerzas-armadas-durante-la-ultima-dictadura","status":"publish","type":"post","link":"https:\/\/100xd.com.ar\/en\/el-gobierno-ordeno-desclasificar-toda-la-documentacion-vinculada-al-accionar-de-las-fuerzas-armadas-durante-la-ultima-dictadura\/","title":{"rendered":"El Gobierno orden\u00f3 desclasificar toda la documentaci\u00f3n vinculada al accionar de las Fuerzas Armadas durante la \u00faltima Dictadura"},"content":{"rendered":"<p class=\"wp-block-paragraph\">El vocero presidencial,&nbsp;<strong>Manuel Adorni<\/strong>, anunci\u00f3 que el presidente Javier Milei orden\u00f3 desclasificar toda la documentaci\u00f3n que existe sobre el accionar de las Fuerzas Armadas durante la \u00faltima dictadura militar. La medida tambi\u00e9n abarca a cualquier otra informaci\u00f3n producida en otro per\u00edodo pero relacionada con las Fuerzas.<a href=\"https:\/\/www.infobae.com\/politica\/2025\/03\/23\/el-gobierno-difundira-un-video-por-el-24-de-marzo-participa-agustin-laje-el-filosofo-apoyado-por-milei-y-reivindica-la-memoria-completa\/\" target=\"_blank\" rel=\"noreferrer noopener\">Te puede interesar:<strong>El Gobierno difundi\u00f3 un video por el 24 de Marzo: acus\u00f3 a los grupos guerrilleros de los 70 y rechaz\u00f3 la cifra de 30 mil desaparecidos<\/strong><\/a><\/p>\n\n\n\n<p class=\"wp-block-paragraph\">\u201cEsta decisi\u00f3n responde al cumplimiento del decreto 4 del a\u00f1o 2010, que si bien se dict\u00f3 hace 15 a\u00f1os, nunca fue implementado completamente\u201d, asegur\u00f3 Adorni en un video grabado en Casa Rosada que fue difundido a las 11.https:\/\/0c6c43718f895af3fbbdc025639a0108.safeframe.googlesyndication.com\/safeframe\/1-0-41\/html\/container.html<\/p>\n\n\n\n<p class=\"wp-block-paragraph\">El funcionario inform\u00f3 que la medida implica el traspaso absoluto de archivos que est\u00e1n bajo la \u00f3rbita de la Secretar\u00eda de Inteligencia del Estado (SIDE) al Archivo General de la Naci\u00f3n, organismo encargado de la conservaci\u00f3n de documentos hist\u00f3ricos.<a href=\"https:\/\/www.infobae.com\/politica\/2025\/03\/24\/el-numero-de-30-mil-desaparecidos-no-tiene-ningun-respaldo-y-se-impuso-propagandisticamente-aseguro-el-dirigente-libertario-que-grabo-el-video-del-gobierno-por-el-dia-de-la-memoria\/\" target=\"_blank\" rel=\"noreferrer noopener\">Te puede interesar:<strong>\u201cEl n\u00famero de 30 mil desaparecidos no tiene ning\u00fan respaldo y se impuso propagand\u00edsticamente\u201d, asegur\u00f3 el dirigente libertario que grab\u00f3 el video del Gobierno por el D\u00eda de la Memoria<\/strong><\/a><\/p>\n\n\n\n<p class=\"wp-block-paragraph\">\u201c<strong>Durante d\u00e9cadas, los archivos en manos de la SIDE permanecieron en las sombras y s\u00f3lo los gobiernos de turno tuvieron acceso a esta informaci\u00f3n secreta. A pesar de esl\u00f3ganes vac\u00edos sobre su compromiso con la verdad, la memoria y la justicia, estos documentos fueron utilizados como un bot\u00edn de guerra vaya a saber uno con qu\u00e9 motivo<\/strong>\u201d, analiz\u00f3 Adorni.https:\/\/0c6c43718f895af3fbbdc025639a0108.safeframe.googlesyndication.com\/safeframe\/1-0-41\/html\/container.html<\/p>\n\n\n\n<p class=\"wp-block-paragraph\">A la par, Adorni inform\u00f3 que a partir de ahora, el Gobierno reconocer\u00e1 ante la Comisi\u00f3n Interamericana de Derechos Humanos que el atentado del Ej\u00e9rcito Revolucionario del Pueblo (ERP) a la familia del capit\u00e1n Humberto Viola fue un crimen de lesa humanidad.<a rel=\"noreferrer noopener\" href=\"https:\/\/www.infobae.com\/sociedad\/2024\/12\/01\/a-medio-siglo-del-brutal-asesinato-del-capitan-humberto-viola-y-su-hija-de-3-anos-por-el-erp-y-la-lucha-perdida-de-su-viuda\/\" target=\"_blank\">&nbsp;La decisi\u00f3n alude a un ataque perpetrado el 1\u00b0 de diciembre de 1974, en el centro de San Miguel, en el que murieron Viola y su hija Mar\u00eda Cristina, de apenas 3 a\u00f1os de edad<\/a>. Como el caso no era reconocido como de lesa humanidad, la Justicia no pod\u00eda avanzar con el pedido de la familia de reabrir la investigaci\u00f3n.<a href=\"https:\/\/www.infobae.com\/politica\/2025\/03\/24\/en-un-comunicado-por-el-24-de-marzo-el-pj-critico-al-gobierno-y-pidio-la-reapertura-de-la-secretaria-de-ddhh\/\" target=\"_blank\" rel=\"noreferrer noopener\">Te puede interesar:<strong>En un comunicado por el 24 de marzo, el PJ critic\u00f3 al Gobierno y pidi\u00f3 la reapertura de la Secretar\u00eda de DDHH<\/strong><\/a><\/p>\n\n\n\n<p class=\"wp-block-paragraph\"><em>Noticia en desarrollo<\/em><\/p>\n\n\n\n<p class=\"wp-block-paragraph\">Fuente: <a href=\"https:\/\/www.infobae.com\/\">Infobae.com<\/a><\/p>","protected":false},"excerpt":{"rendered":"<p>El vocero presidencial,&nbsp;Manuel Adorni, anunci\u00f3 que el presidente Javier Milei orden\u00f3 desclasificar toda la documentaci\u00f3n que existe sobre el accionar de las Fuerzas Armadas durante la \u00faltima dictadura militar. La medida tambi\u00e9n abarca a cualquier otra informaci\u00f3n producida en otro per\u00edodo pero relacionada con las Fuerzas.Te puede interesar:El Gobierno difundi\u00f3 un video por el 24 [&hellip;]<\/p>\n","protected":false},"author":9,"featured_media":0,"comment_status":"open","ping_status":"open","sticky":false,"template":"","format":"standard","meta":{"site-sidebar-layout":"default","site-content-layout":"","ast-site-content-layout":"default","site-content-style":"default","site-sidebar-style":"default","ast-global-header-display":"","ast-banner-title-visibility":"","ast-main-header-display":"","ast-hfb-above-header-display":"","ast-hfb-below-header-display":"","ast-hfb-mobile-header-display":"","site-post-title":"","ast-breadcrumbs-content":"","ast-featured-img":"","footer-sml-layout":"","ast-disable-related-posts":"","theme-transparent-header-meta":"","adv-header-id-meta":"","stick-header-meta":"","header-above-stick-meta":"","header-main-stick-meta":"","header-below-stick-meta":"","astra-migrate-meta-layouts":"default","ast-page-background-enabled":"default","ast-page-background-meta":{"desktop":{"background-color":"","background-image":"","background-repeat":"repeat","background-position":"center center","background-size":"auto","background-attachment":"scroll","background-type":"","background-media":"","overlay-type":"","overlay-color":"","overlay-opacity":"","overlay-gradient":""},"tablet":{"background-color":"","background-image":"","background-repeat":"repeat","background-position":"center center","background-size":"auto","background-attachment":"scroll","background-type":"","background-media":"","overlay-type":"","overlay-color":"","overlay-opacity":"","overlay-gradient":""},"mobile":{"background-color":"","background-image":"","background-repeat":"repeat","background-position":"center center","background-size":"auto","background-attachment":"scroll","background-type":"","background-media":"","overlay-type":"","overlay-color":"","overlay-opacity":"","overlay-gradient":""}},"ast-content-background-meta":{"desktop":{"background-color":"var(--ast-global-color-5)","background-image":"","background-repeat":"repeat","background-position":"center center","background-size":"auto","background-attachment":"scroll","background-type":"","background-media":"","overlay-type":"","overlay-color":"","overlay-opacity":"","overlay-gradient":""},"tablet":{"background-color":"var(--ast-global-color-5)","background-image":"","background-repeat":"repeat","background-position":"center center","background-size":"auto","background-attachment":"scroll","background-type":"","background-media":"","overlay-type":"","overlay-color":"","overlay-opacity":"","overlay-gradient":""},"mobile":{"background-color":"var(--ast-global-color-5)","background-image":"","background-repeat":"repeat","background-position":"center center","background-size":"auto","background-attachment":"scroll","background-type":"","background-media":"","overlay-type":"","overlay-color":"","overlay-opacity":"","overlay-gradient":""}},"footnotes":""},"categories":[25],"tags":[],"class_list":["post-116782","post","type-post","status-publish","format-standard","hentry","category-destacado"],"spectra_blocks_featured_image_url":null,"spectra_blocks_author_info":{"display_name":"Jorge Alfredo Baret","avatar_url":"https:\/\/secure.gravatar.com\/avatar\/31696f5ca83439b642450ec7d3f82f98451a5efacb414343d5478c982b337f26?s=96&d=mm&r=g","author_link":"https:\/\/100xd.com.ar\/en\/author\/jorge\/","description":"Ingeniero Qu\u00edmico UTN - Director Apoderado de Comunicaciones Auditadas SA. Editor Responsable 100xd.com.ar."},"_links":{"self":[{"href":"https:\/\/100xd.com.ar\/en\/wp-json\/wp\/v2\/posts\/116782","targetHints":{"allow":["GET"]}}],"collection":[{"href":"https:\/\/100xd.com.ar\/en\/wp-json\/wp\/v2\/posts"}],"about":[{"href":"https:\/\/100xd.com.ar\/en\/wp-json\/wp\/v2\/types\/post"}],"author":[{"embeddable":true,"href":"https:\/\/100xd.com.ar\/en\/wp-json\/wp\/v2\/users\/9"}],"replies":[{"embeddable":true,"href":"https:\/\/100xd.com.ar\/en\/wp-json\/wp\/v2\/comments?post=116782"}],"version-history":[{"count":1,"href":"https:\/\/100xd.com.ar\/en\/wp-json\/wp\/v2\/posts\/116782\/revisions"}],"predecessor-version":[{"id":116784,"href":"https:\/\/100xd.com.ar\/en\/wp-json\/wp\/v2\/posts\/116782\/revisions\/116784"}],"wp:attachment":[{"href":"https:\/\/100xd.com.ar\/en\/wp-json\/wp\/v2\/media?parent=116782"}],"wp:term":[{"taxonomy":"category","embeddable":true,"href":"https:\/\/100xd.com.ar\/en\/wp-json\/wp\/v2\/categories?post=116782"},{"taxonomy":"post_tag","embeddable":true,"href":"https:\/\/100xd.com.ar\/en\/wp-json\/wp\/v2\/tags?post=116782"}],"curies":[{"name":"wp","href":"https:\/\/api.w.org\/{rel}","templated":true}]}}