{"id":115901,"date":"2025-03-07T09:00:41","date_gmt":"2025-03-07T12:00:41","guid":{"rendered":"https:\/\/100xd.com.ar\/?p=115901"},"modified":"2025-03-07T09:00:41","modified_gmt":"2025-03-07T12:00:41","slug":"un-gobierno-encajado-en-su-propio-lodo","status":"publish","type":"post","link":"https:\/\/100xd.com.ar\/en\/un-gobierno-encajado-en-su-propio-lodo\/","title":{"rendered":"Un Gobierno encajado en su propio lodo"},"content":{"rendered":"<p class=\"wp-block-paragraph\"><strong>El Gobierno no consigue salir del pantano en el que se meti\u00f3 solo y parece quedar cada vez m\u00e1s atrapado<\/strong>. Justo en el momento en que m\u00e1s necesita dar la vuelta de p\u00e1gina en varios temas que lo vienen complicando desde hace ya tres semanas. Fue cuando estall\u00f3 el&nbsp;<a href=\"https:\/\/www.lanacion.com.ar\/politica\/escandalo-cripto-las-preguntas-que-milei-sigue-sin-responder-sobre-libra-nid06032025\/\"><strong>criptogate<\/strong><\/a>, en el quedaron involucrados el propio presidente&nbsp;<strong>Javier Milei<\/strong>&nbsp;y su hermana&nbsp;<strong>Karina<\/strong>, secretaria general de la Presidencia.&nbsp;<mark>Cavar no suele ser una buena t\u00e9cnica para salir del pozo<\/mark>.<\/p>\n\n\n\n<p class=\"wp-block-paragraph\">La decisi\u00f3n presidencial de forzar m\u00e1s all\u00e1 de l\u00edmites razonables la interpretaci\u00f3n de la Constituci\u00f3n, seg\u00fan sostiene una mayor\u00eda de prominentes juristas, para nombrar por decreto, en comisi\u00f3n, a dos jueces de la&nbsp;<strong>Corte Suprema<\/strong>&nbsp;encontr\u00f3 este jueves<a href=\"https:\/\/www.lanacion.com.ar\/politica\/la-trastienda-del-fallo-que-le-puso-un-freno-momentaneo-a-lijo-milei-y-lorenzetti-nid06032025\/\">&nbsp;un nuevo escollo&nbsp;<\/a>en el propio m\u00e1ximo tribunal.<a href=\"https:\/\/www.lanacion.com.ar\/politica\/lijo-siguio-la-votacion-de-la-corte-desde-su-juzgado-en-comodoro-py-no-renunciara-nid06032025\/\" target=\"_blank\" rel=\"noreferrer noopener\">LIJO SIGUI\u00d3 LA VOTACI\u00d3N DE LA CORTE DESDE SU JUZGADO EN COMODORO PY: NO RENUNCIAR\u00c1<em><\/em><\/a><\/p>\n\n\n\n<p class=\"wp-block-paragraph\">De esta manera,&nbsp;<strong>lejos de diluirse el esc\u00e1ndalo, quedaron realzadas la suma de excepcionalidades y anomal\u00edas<\/strong>&nbsp;que el asunto re\u00fane. Tanto como el costo que ha decidido pagar Milei por impulsar a cualquier precio, muy especialmente, al objetado juez federal&nbsp;<strong>Ariel Lijo<\/strong>.<\/p>\n\n\n\n<p class=\"wp-block-paragraph\">El propio magistrado, cuyo pliego sum\u00f3 un r\u00e9cord de objeciones de las m\u00e1s reputadas instituciones vinculadas con el Derecho, lejos de facilitar un proceso ya demasiado enrarecido, complic\u00f3 y sigue complicando al Gobierno que lo promueve.<\/p>\n\n\n\n<p class=\"wp-block-paragraph\">Los hechos demuestran que&nbsp;<strong>result\u00f3 un exceso<\/strong>&nbsp;insoslayable la pretensi\u00f3n de forzar a\u00fan m\u00e1s las normas y la jurisprudencia para seguir garantiz\u00e1ndose su futuro, al&nbsp;<strong>tratar de retener su cargo de juez federal de primera instancia y asumir en la Corte Suprema sin renunciar a ese puesto<\/strong>&nbsp;por temor a que el Senado termine por rechazar su pliego.<\/p>\n\n\n\n<p class=\"wp-block-paragraph\">Ahora, tal posibilidad asoma mucho m\u00e1s probable que hace una semana, ante el manoseo que han sufrido las instituciones, los legisladores y los procedimientos para llenar la vacante existente desde hace ya tres a\u00f1os y medio tras la jubilaci\u00f3n de Elena Highton, seg\u00fan las noticias que surgen de los principales bloques de la C\u00e1mara alta.<\/p>\n\n\n\n<figure data-spectra-id=\"spectra-416a8920-00ed-4451-b9fc-f59427d362c5\" class=\"wp-block-image\"><img decoding=\"async\" src=\"https:\/\/resizer.glanacion.com\/resizer\/v2\/karina-milei-javier-milei-y-santiago-4CQYGGY22FGQTFLL5WVCROAO6Q.jpg?auth=36ef078bdcb7cadd96b2856eb48422eecfae8842eee382dd40f622af71f8d3d0&amp;width=420&amp;height=280&amp;quality=70&amp;smart=true\" alt=\"Karina Milei, Javier Milei y Santiago Caputo\" title=\"Un Gobierno encajado en su propio lodo\" \/><figcaption>Karina Milei, Javier Milei y Santiago CaputoAlfredo S\u00e1bat<\/figcaption><\/figure>\n\n\n\n<p class=\"wp-block-paragraph\"><mark>El Gobierno y el juez federal tensaron la cuerda a tal extremo que, al final, se cort\u00f3, precisamente en el m\u00e1ximo tribunal. Para peor, con el voto en contra de Manuel Garc\u00eda-Mansilla<\/mark>, uno de los dos designados por el decreto presidencial, y al que hace apenas una semana y sin dilaci\u00f3n alguna la Corte le hab\u00eda tomado juramento.<\/p>\n\n\n\n<p class=\"wp-block-paragraph\">As\u00ed, el flamante cortesano, que adem\u00e1s es un reconocido constitucionalista, mostr\u00f3 de entrada una actitud independiente al sumar su voto a dos jueces que no gozan de la simpat\u00eda de la Casa Rosada, como son&nbsp;<strong>Horacio Rosatti y Carlos Rosenkrantz<\/strong>, en rechazo al pedido de licencia de Lijo y a la toma de juramento hasta tanto no renuncie al juzgado que le dio mayor\u00eda absoluta a la acordada.&nbsp;<strong>Ricardo Lorenzetti<\/strong>, el padrino (en sentido amplio) de Lijo, estaba a favor de otorgar la licencia. Pero decidi\u00f3 no estampar su firma en el acuerdo de este jueves.<\/p>\n\n\n\n<p class=\"wp-block-paragraph\">La noticia sorprendi\u00f3 y cay\u00f3 como un meteorito sobre la Casa Rosada, pero, adem\u00e1s,&nbsp;<mark>reactiv\u00f3 el malestar que existe en el Senado luego de que el Presidente decidiera saltarse el procedimiento establecido por la Constituci\u00f3n<\/mark>, que reserva a ese cuerpo la aprobaci\u00f3n de los pliegos con una mayor\u00eda especial de dos tercios. Durante un a\u00f1o Milei fue incapaz de alcanzarla.<\/p>\n\n\n\n<p class=\"wp-block-paragraph\">Haber forzado una ventana interpretativa para designarlos por decreto, cuando solo quedaban dos d\u00edas para que terminara el receso del Congreso y para que empezara el per\u00edodo de sesiones ordinarias en el que pod\u00edan tratarse los pliegos en la C\u00e1mara alta, profundiz\u00f3 el malestar y los desencuentros.<\/p>\n\n\n\n<p class=\"wp-block-paragraph\">Muchos m\u00e1s, despu\u00e9s del discurso presidencial del s\u00e1bado \u00faltimo ante una Asamblea Legislativa semidesierta por la ausencia de buena parte de los opositores m\u00e1s duros. Y sin contar el esc\u00e1ndalo que protagoniz\u00f3 el superasesor presidencial&nbsp;<strong>Santiago Caputo<\/strong>, con gestos y palabras intimidantes, contra el diputado radical&nbsp;<strong>Facundo Manes<\/strong>, que hab\u00eda interrumpido al Presidente blandiendo una Constituci\u00f3n, precisamente, en queja por la designaci\u00f3n por decreto de los candidatos del Presidente.<\/p>\n\n\n\n<h2 class=\"wp-block-heading\">Un Senado m\u00e1s hostil<\/h2>\n\n\n\n<p class=\"wp-block-paragraph\">\u201cLa intenci\u00f3n de tratar ahora los pliegos de Lijo y de Garc\u00eda-Mansilla para luego ser rechazados ha ganado adeptos en los \u00faltimos d\u00edas. Todo es cada vez m\u00e1s desprolijo e inaceptable. La idea es llevarlos al recinto, incluso el de Garc\u00eda-Mansilla, aunque no tenga dictamen de comisi\u00f3n, para luego no darle los dos tercios de los votos,&nbsp;<strong>amparados en que es un rechazo a los procedimientos que utiliz\u00f3 el Presidente. No en contra de los candidatos<\/strong>\u201d, explica un senador que ha preferido hasta ahora no pronunciarse, especialmente sobre el cuestionado juez federal.<\/p>\n\n\n\n<p class=\"wp-block-paragraph\">Ese argumento deja al descubierto el atajo (o la excusa) que habr\u00edan encontrado y estar\u00edan dispuestos a transitar varios colegas suyos que tampoco quieren dejar estampado su rechazo al magistrado,&nbsp;<strong>cuyo poder e influencia parecen reverenciar (o temer)<\/strong>.<\/p>\n\n\n\n<p class=\"wp-block-paragraph\">La enorme ascendencia que Lijo tiene sobre buena parte del fuero federal, a\u00fan m\u00e1s all\u00e1 de Comodoro Py, qued\u00f3 expuesta y resaltada nuevamente con la acordada de la Corte.<\/p>\n\n\n\n<p class=\"wp-block-paragraph\">El texto votado destac\u00f3 fundadamente la&nbsp;<strong>anomal\u00eda&nbsp;<\/strong>que hab\u00eda implicado el otorgamiento de la licencia extraordinaria por parte de los jueces de la C\u00e1mara Federal,&nbsp;<strong>Mariano Llorens, Eduardo Farah, Roberto Boico, Pablo Bertuzzi, Leopoldo Bruglia y Martin Irurzun<\/strong>, contraviniendo una serie de disposiciones insoslayables del propio tribunal supremo.<\/p>\n\n\n\n<p class=\"wp-block-paragraph\">Se sabe que&nbsp;<mark>una de las pocas cosas a las que les rehuyen los jueces es al revocamiento bochornoso de sus pronunciamientos por parte de un tribunal de alzada<\/mark>. M\u00e1s a\u00fan si queda expuesta la inobservancia de disposiciones b\u00e1sicas y su extralimitaci\u00f3n. Es lo que ocurri\u00f3 en este asunto, seg\u00fan consign\u00f3 expresamente el m\u00e1ximo tribunal.&nbsp;<strong>En algunos casos parece preferible el escarnio a la venganza<\/strong>. Las deudas de honor (o deshonor) no se pueden deshonrar en ciertos colectivos.<\/p>\n\n\n\n<p class=\"wp-block-paragraph\">De esta manera, la incertidumbre ha quedado tan reinstalada como el empantanamiento del Gobierno.&nbsp;<strong>Lijo y el caso $LIBRA son esc\u00e1ndalos que siguen corriendo a la par en el centro de la agenda p\u00fablica con cap\u00edtulos que se renuevan cada d\u00eda. La mayor\u00eda, escritos en la misma Casa Rosada<\/strong>.<\/p>\n\n\n\n<p class=\"wp-block-paragraph\">En las cercan\u00edas de Lijo sostienen que el juez se resiste a renunciar a su cargo y que no se resigna a no tener los dos tercios de los votos de los senadores presentes, sobre muchos de los cuales ha desplegado, junto con su protector Lorenzetti, una intensa tarea de convencimiento durante casi un a\u00f1o y despu\u00e9s de haber forjado una fuerte relaci\u00f3n directa o indirecta a\u00fan m\u00e1s antigua con varios de ellos.<\/p>\n\n\n\n<p class=\"wp-block-paragraph\">Hasta ahora, eso no alcanz\u00f3 m\u00e1s que para lograr los nueve votos para que su pliego tuviera dictamen de comisi\u00f3n. Algo que, para reforzar peculiaridades, no logr\u00f3 siquiera Garc\u00eda-Mansilla, que s\u00ed consigui\u00f3 sentarse en el m\u00e1ximo tribunal y hasta votar en la primera acordada, a pesar de que ya hab\u00eda varios pedidos de amparo presentados ante la Justicia para evitar que lo hiciera, a\u00fan antes de que se dirima la constitucionalidad de su designaci\u00f3n.<\/p>\n\n\n\n<p class=\"wp-block-paragraph\">El entuerto pol\u00edtico y judicial, abierto y agravado en menos de una semana por esas designaciones y sus derivados, todav\u00eda tiene varios escollos por superar, tanto en el campo pol\u00edtico como judicial. Por un lado, est\u00e1 pendiente la decisi\u00f3n de Lijo respecto de su eventual renuncia para que la Corte defina si le toma juramento. Paso ineludible tras la decisi\u00f3n de este jueves.<\/p>\n\n\n\n<p class=\"wp-block-paragraph\">Si este obst\u00e1culo lograra ser superado, todav\u00eda quedar\u00eda sin levantar la barrera pol\u00edtica, ya que si el a\u00fan juez federal renunciara a su actual cargo y llegara al Supremo, como Garc\u00eda-Mansilla, ambos tienen pendientes un eventual tratamiento de sus pliegos en el Senado y,&nbsp;<strong>de no obtener los dos tercios de los votos, se abrir\u00eda una batalla judicial (y otro probable conflicto de poderes)<\/strong>.<\/p>\n\n\n\n<p class=\"wp-block-paragraph\">En tal caso,&nbsp;<mark>algunos senadores que se oponen a sus arribos a la Corte est\u00e1n decididos a recurrir a la Justicia para que no puedan permanecer all\u00ed mientras dura el actual per\u00edodo de sesiones ordinarias, como pretende el Gobierno<\/mark>.<\/p>\n\n\n\n<p class=\"wp-block-paragraph\">En el caso de Lijo, a la forzada interpretaci\u00f3n constitucional que hizo el Presidente de la facultad para designar \u201cempleados que requieran de la aprobaci\u00f3n del Senado\u201d durante el receso del Congreso, se suma que la vacante que viene a llenar no \u201cocurri\u00f3\u201d durante ese per\u00edodo, sino, como se dijo, se produjo en septiembre de 2021. En el caso de Garc\u00eda-Mansilla, su&nbsp;<strong>palabra incumplida<\/strong>&nbsp;de no aceptar un nombramiento por decreto, formulada en la audiencia ante el Senado, es considerada (o argumentada) por varios senadores como un agravante. Sin contar con el rechazo por cuestiones ideol\u00f3gicas (no por idoneidad o \u00e9tica) que suscita en el bloque perokirchnerista.<\/p>\n\n\n\n<p class=\"wp-block-paragraph\">La reanudaci\u00f3n de di\u00e1logos con ese espacio para abrir una nueva negociaci\u00f3n y destrabar la votaci\u00f3n de los pliegos de ambos designados por decreto no habr\u00eda pasado a\u00fan de la etapa embrionaria.<\/p>\n\n\n\n<p class=\"wp-block-paragraph\">No facilitan las cosas la pol\u00edtica de hechos consumados de Milei y los embates presidenciales contra&nbsp;<strong>Axel Kicillof<\/strong>&nbsp;por la inseguridad en su provincia, que lograron abroquelar el fracturado perokirchnerismo. El fuerte impacto que esos ataques tuvieron sobre el gobernador en la conversaci\u00f3n digital, seg\u00fan un relevamiento, suma dificultades. Aunque algunos cristicamporistas interesados en la cuesti\u00f3n judicial disfruten de los rayones sufridos por Kicillof. La eventual ampliaci\u00f3n de la Corte y la designaci\u00f3n de un Procurador General, demandadas por Uni\u00f3n por la Patria, no habr\u00edan superado la etapa de los sondeos informales.<\/p>\n\n\n\n<p class=\"wp-block-paragraph\"><mark>Mientras tanto, la oposici\u00f3n encuentra en los esc\u00e1ndalos continuados de la Corte y el Criptogate un atajo para disimular su impotencia y su muy escasa legitimidad social<\/mark>, sin que el Gobierno logre desplazarlos de la agenda p\u00fablica.<\/p>\n\n\n\n<p class=\"wp-block-paragraph\">Ni siquiera ha conseguido ganar la agenda con el anuncio de una inminente firma del crucial&nbsp;<strong>acuerdo con el FMI<\/strong>. Tampoco, con la consecuente discusi\u00f3n sobre su tratamiento por parte del Congreso (como exige la ley vigente y que prometi\u00f3 Milei),&nbsp;<strong>ahora enturbiado por el probable env\u00edo,&nbsp;<\/strong><a href=\"https:\/\/www.lanacion.com.ar\/politica\/el-gobierno-discute-aprobar-a-traves-de-un-dnu-el-acuerdo-con-el-fmi-nid06032025\/\"><strong>a trav\u00e9s de un DNU<\/strong><\/a>, de una versi\u00f3n acotada del entendimiento, sin los anexos que expliciten los compromisos asumidos por el Gobierno.<\/p>\n\n\n\n<p class=\"wp-block-paragraph\">Un relevamiento en redes sociales de la consultora AdHoc muestra&nbsp;<mark>la dificultad del oficialismo para volver a imponer una conversaci\u00f3n positiva o favorable en la esfera p\u00fablica digital, donde ha sabido reinar durante buena parte del primer a\u00f1o de gesti\u00f3n<\/mark>.<a href=\"https:\/\/www.lanacion.com.ar\/politica\/la-explosion-lenta-de-la-criptobomba-nid05032025\/\" target=\"_blank\" rel=\"noreferrer noopener\">LA EXPLOSI\u00d3N LENTA DE LA CRIPTOBOMBA<em><\/em><\/a><\/p>\n\n\n\n<p class=\"wp-block-paragraph\">Las principales conclusiones de ese estudio dicen que \u201cel esc\u00e1ndalo cripto rompi\u00f3 con la tendencia de estabilidad en la conversaci\u00f3n de Milei y el mes cerr\u00f3 negativo para el Presidente. La negatividad fue m\u00e1s alta que la positividad, m\u00e1s all\u00e1 de los intentos de volver a tomar las riendas de la agenda\u201d.<\/p>\n\n\n\n<p class=\"wp-block-paragraph\">Adem\u00e1s, destaca que hubo casi un 18% menos de inter\u00e9s en el discurso de apertura de sesiones del Congreso respecto del a\u00f1o pasado y que \u201cel discurso de Milei qued\u00f3 opacado por el intercambio entre Manes y Caputo\u201d.<\/p>\n\n\n\n<p class=\"wp-block-paragraph\">Como se se\u00f1al\u00f3 en una columna del prestigioso\u00a0<em>The Wall Street Journal\u00a0<\/em>\u201cMilei sufre da\u00f1os autoinflingidos\u201d. No le est\u00e1 resultado f\u00e1cil al Gobierno salir del pantano en que se meti\u00f3 solo y al que se empe\u00f1a en regar con nuevos cap\u00edtulos escandalosos.<\/p>\n\n\n\n<p class=\"wp-block-paragraph\">Por\u00a0<a href=\"https:\/\/www.lanacion.com.ar\/autor\/claudio-jacquelin-100\/\"><strong>Claudio Jacquelin<\/strong><\/a><\/p>\n\n\n\n<p class=\"wp-block-paragraph\">Fuente: <a href=\"https:\/\/www.lanacion.com.ar\/\">La Naci\u00f3n<\/a><\/p>","protected":false},"excerpt":{"rendered":"<p>El Gobierno no consigue salir del pantano en el que se meti\u00f3 solo y parece quedar cada vez m\u00e1s atrapado. Justo en el momento en que m\u00e1s necesita dar la vuelta de p\u00e1gina en varios temas que lo vienen complicando desde hace ya tres semanas. Fue cuando estall\u00f3 el&nbsp;criptogate, en el quedaron involucrados el propio [&hellip;]<\/p>\n","protected":false},"author":9,"featured_media":0,"comment_status":"open","ping_status":"open","sticky":false,"template":"","format":"standard","meta":{"site-sidebar-layout":"default","site-content-layout":"","ast-site-content-layout":"default","site-content-style":"default","site-sidebar-style":"default","ast-global-header-display":"","ast-banner-title-visibility":"","ast-main-header-display":"","ast-hfb-above-header-display":"","ast-hfb-below-header-display":"","ast-hfb-mobile-header-display":"","site-post-title":"","ast-breadcrumbs-content":"","ast-featured-img":"","footer-sml-layout":"","ast-disable-related-posts":"","theme-transparent-header-meta":"","adv-header-id-meta":"","stick-header-meta":"","header-above-stick-meta":"","header-main-stick-meta":"","header-below-stick-meta":"","astra-migrate-meta-layouts":"default","ast-page-background-enabled":"default","ast-page-background-meta":{"desktop":{"background-color":"","background-image":"","background-repeat":"repeat","background-position":"center center","background-size":"auto","background-attachment":"scroll","background-type":"","background-media":"","overlay-type":"","overlay-color":"","overlay-opacity":"","overlay-gradient":""},"tablet":{"background-color":"","background-image":"","background-repeat":"repeat","background-position":"center center","background-size":"auto","background-attachment":"scroll","background-type":"","background-media":"","overlay-type":"","overlay-color":"","overlay-opacity":"","overlay-gradient":""},"mobile":{"background-color":"","background-image":"","background-repeat":"repeat","background-position":"center center","background-size":"auto","background-attachment":"scroll","background-type":"","background-media":"","overlay-type":"","overlay-color":"","overlay-opacity":"","overlay-gradient":""}},"ast-content-background-meta":{"desktop":{"background-color":"var(--ast-global-color-5)","background-image":"","background-repeat":"repeat","background-position":"center center","background-size":"auto","background-attachment":"scroll","background-type":"","background-media":"","overlay-type":"","overlay-color":"","overlay-opacity":"","overlay-gradient":""},"tablet":{"background-color":"var(--ast-global-color-5)","background-image":"","background-repeat":"repeat","background-position":"center center","background-size":"auto","background-attachment":"scroll","background-type":"","background-media":"","overlay-type":"","overlay-color":"","overlay-opacity":"","overlay-gradient":""},"mobile":{"background-color":"var(--ast-global-color-5)","background-image":"","background-repeat":"repeat","background-position":"center center","background-size":"auto","background-attachment":"scroll","background-type":"","background-media":"","overlay-type":"","overlay-color":"","overlay-opacity":"","overlay-gradient":""}},"footnotes":""},"categories":[12],"tags":[],"class_list":["post-115901","post","type-post","status-publish","format-standard","hentry","category-opinion"],"spectra_blocks_featured_image_url":null,"spectra_blocks_author_info":{"display_name":"Jorge Alfredo Baret","avatar_url":"https:\/\/secure.gravatar.com\/avatar\/31696f5ca83439b642450ec7d3f82f98451a5efacb414343d5478c982b337f26?s=96&d=mm&r=g","author_link":"https:\/\/100xd.com.ar\/en\/author\/jorge\/","description":"Ingeniero Qu\u00edmico UTN - Director Apoderado de Comunicaciones Auditadas SA. Editor Responsable 100xd.com.ar."},"_links":{"self":[{"href":"https:\/\/100xd.com.ar\/en\/wp-json\/wp\/v2\/posts\/115901","targetHints":{"allow":["GET"]}}],"collection":[{"href":"https:\/\/100xd.com.ar\/en\/wp-json\/wp\/v2\/posts"}],"about":[{"href":"https:\/\/100xd.com.ar\/en\/wp-json\/wp\/v2\/types\/post"}],"author":[{"embeddable":true,"href":"https:\/\/100xd.com.ar\/en\/wp-json\/wp\/v2\/users\/9"}],"replies":[{"embeddable":true,"href":"https:\/\/100xd.com.ar\/en\/wp-json\/wp\/v2\/comments?post=115901"}],"version-history":[{"count":1,"href":"https:\/\/100xd.com.ar\/en\/wp-json\/wp\/v2\/posts\/115901\/revisions"}],"predecessor-version":[{"id":115903,"href":"https:\/\/100xd.com.ar\/en\/wp-json\/wp\/v2\/posts\/115901\/revisions\/115903"}],"wp:attachment":[{"href":"https:\/\/100xd.com.ar\/en\/wp-json\/wp\/v2\/media?parent=115901"}],"wp:term":[{"taxonomy":"category","embeddable":true,"href":"https:\/\/100xd.com.ar\/en\/wp-json\/wp\/v2\/categories?post=115901"},{"taxonomy":"post_tag","embeddable":true,"href":"https:\/\/100xd.com.ar\/en\/wp-json\/wp\/v2\/tags?post=115901"}],"curies":[{"name":"wp","href":"https:\/\/api.w.org\/{rel}","templated":true}]}}