{"id":114456,"date":"2025-02-02T13:18:07","date_gmt":"2025-02-02T16:18:07","guid":{"rendered":"https:\/\/100xd.com.ar\/?p=114456"},"modified":"2025-02-02T13:18:07","modified_gmt":"2025-02-02T16:18:07","slug":"mirco-cuello-epico-asombro-a-todos-en-las-vegas-metio-dos-manos-en-el-ultimo-round-y-gano-una-pelea-que-tenia-perdida","status":"publish","type":"post","link":"https:\/\/100xd.com.ar\/en\/mirco-cuello-epico-asombro-a-todos-en-las-vegas-metio-dos-manos-en-el-ultimo-round-y-gano-una-pelea-que-tenia-perdida\/","title":{"rendered":"Mirco Cuello, \u00e9pico, asombr\u00f3 a todos en Las Vegas: meti\u00f3 dos manos en el \u00faltimo round y gan\u00f3 una pelea que ten\u00eda perdida"},"content":{"rendered":"<p class=\"wp-block-paragraph\">En un combate \u00e9pico que le sirvi\u00f3 como inmejorable carta de presentaci\u00f3n en la gran vidriera del boxeo mundial,&nbsp;<strong>Mirco Cuello&nbsp;<\/strong>obr\u00f3 un milagro en el T-Mobile Arena de&nbsp;<strong>Las Vegas<\/strong>. En el \u00faltimo round de la contienda, cuando las tarjetas estaban en su contra influidas por su tempranera ca\u00edda en el segundo asalto, el argentino gan\u00f3 con un&nbsp;<strong>espectacular nocaut t\u00e9cnico&nbsp;<\/strong>al mexicano&nbsp;<strong>Christian Olivo Barreda<\/strong>.<\/p>\n\n\n\n<p class=\"wp-block-paragraph\">Y no s\u00f3lo estir\u00f3 su invicto como profesional (15-0) este santafesino, nacido hace 24 a\u00f1os en&nbsp;<strong>Arroyo Seco<\/strong>, sino que se gan\u00f3 la chance de pelear por el t\u00edtulo mundial de los plumas en la versi\u00f3n de la Asociaci\u00f3n Mundial de Boxeo (AMB) contra el actual monarca, el brit\u00e1nico&nbsp;<strong>Nick Ball<\/strong>.<\/p>\n\n\n\n<p class=\"wp-block-paragraph\"><em>&#8220;Sab\u00eda que ven\u00eda perdiendo, me dijeron en el quinto o sexto round c\u00f3mo ven\u00edan las cosas&#8221;<\/em>, dijo para la transmisi\u00f3n oficial de la pelea, dando cuenta del conocimiento que ten\u00eda de las tarjetas.https:\/\/db9deedcad9fd4b5e373539627c65880.safeframe.googlesyndication.com\/safeframe\/1-0-40\/html\/container.html<\/p>\n\n\n\n<p class=\"wp-block-paragraph\">Efectivamente apel\u00f3 a lo \u00faltimo que le quedaba ya que despu\u00e9s del campanazo final lo llegar\u00edan las tarjetas que no lo daban por ganador: cuando empez\u00f3 el \u00faltimo round, Cuello perd\u00eda por 88-82, 87-83 y 86-84 en la mirada de los jurados.&nbsp;<strong>Era nocaut o derrota<\/strong>.<\/p>\n\n\n\n<p class=\"wp-block-paragraph\">La victoria lo ubica como retador del ingl\u00e9s\u00a0<strong>Nick Ball<\/strong>, el actual campe\u00f3n Mundial peso pluma de 27 a\u00f1os por la AMB. El santafesino, entonces, se subir\u00e1 al cuadril\u00e1tero para intentar arrebatarle el cintur\u00f3n al hombre nacido en Liverpool.<\/p>\n\n\n\n<p class=\"wp-block-paragraph\"><em>&#8220;Ahora a prepararse mejor que nunca&#8221;,<\/em>&nbsp;sintetiz\u00f3 Cuello visiblemente extenuado despu\u00e9s de la pelea que resolvi\u00f3, a todo o nada, en el \u00faltimo round. El boxeador es una de las principales esperanzas del pugilismo nacional.<\/p>\n\n\n\n<p class=\"wp-block-paragraph\">El argentino tuvo momentos de dominio a lo largo de los diez asaltos, pero Olivo fue quien logr\u00f3 incomodarlo y llamar la atenci\u00f3n de los jurados para que escaparse en las tarjetas. Fue una pelea demasiado cerrada.<\/p>\n\n\n\n<p class=\"wp-block-paragraph\">No le result\u00f3 f\u00e1cil ganarla. En el segundo round toc\u00f3 lona por primera vez en su carrera como profesional, pero se levant\u00f3 y sigui\u00f3 hasta llegar a esa combinaci\u00f3n de ganchos a segundos del campanazo final. Olivo atin\u00f3 a levantarse, pero el \u00e1rbitro no quiso saber nada y decret\u00f3 el nocaut t\u00e9cnico.<\/p>\n\n\n\n<p class=\"wp-block-paragraph\">Acaso esa secuencia parec\u00eda despejar las dudas que hab\u00eda sobre sus posibilidades: su \u00faltima presentaci\u00f3n hab\u00eda sido 10 meses atr\u00e1s, el 30 de marzo cuando venci\u00f3 por puntos en decisi\u00f3n un\u00e1nime al duro probador ugand\u00e9s&nbsp;<strong>Sulaiman Segawa&nbsp;<\/strong>en el mismo escenario en que se present\u00f3 el s\u00e1bado.<\/p>\n\n\n\n<h2 class=\"wp-block-heading\">Quien es Mirco Cuello<\/h2>\n\n\n\n<p class=\"wp-block-paragraph\">Antes de comenzar su andar en el deporte rentado, el peleador de Arroyo Seco edific\u00f3 una interesante carrera en el seleccionado argentino: obtuvo la&nbsp;<strong>medalla de bronce&nbsp;<\/strong>en la categor\u00eda hasta 56 kilos en los Juegos Ol\u00edmpicos de la Juventud&nbsp;<strong>Buenos Aires 2018<\/strong>, compiti\u00f3 en el Mundial de la Asociaci\u00f3n Internacional de Boxeo de&nbsp;<strong>Ekaterimburgo 2019&nbsp;<\/strong>y fue representante ol\u00edmpico en&nbsp;<strong>Tokio 2020<\/strong>,&nbsp;<strong><\/strong>cuando perdi\u00f3 en los octavos de final de la categor\u00eda pluma ante el tailand\u00e9s&nbsp;<strong>Chatchai Butdee<\/strong>.<\/p>\n\n\n\n<p class=\"wp-block-paragraph\">Ya como profesional, en cuatro a\u00f1os -y con el nocaut del s\u00e1bado- forj\u00f3 un r\u00e9cord perfecto de 15-0 (11 de sus triunfos fueron por la v\u00eda r\u00e1pida), con exigencia creciente y varios sellos en su pasaporte: combati\u00f3 cuatro veces en\u00a0<strong>Estados Unidos<\/strong>, dos en\u00a0<strong>Colombia<\/strong>, dos en\u00a0<strong>Uruguay<\/strong>, una en\u00a0<strong>M\u00e9xico\u00a0<\/strong>y una en\u00a0<strong>Panam\u00e1<\/strong>. Eso le permiti\u00f3 escalar hasta el tercer puesto en el ranking pluma de la AMB y le abri\u00f3 la puerta a la chance que aprovech\u00f3 en\u00a0<strong>Las Vegas<\/strong>.<\/p>\n\n\n\n<p class=\"wp-block-paragraph\">Para la pelea que termin\u00f3 ganando, Cuello se prepar\u00f3 durante un mes en Los \u00c1ngeles junto a sus entrenadores, el excampe\u00f3n mundial Mariano Carrera y Dar\u00edo Cuello, su padre. Con ellos, comenzar\u00e1 la preparaci\u00f3n para la chance que se avecina y que todav\u00eda no tiene fecha. Aunque desde el nocaut del s\u00e1bado, la expectativa es enorme.<\/p>\n\n\n\n<p class=\"wp-block-paragraph\">Fuente: <a href=\"https:\/\/www.clarin.com\/\">Clar\u00edn.com<\/a><\/p>","protected":false},"excerpt":{"rendered":"<p>En un combate \u00e9pico que le sirvi\u00f3 como inmejorable carta de presentaci\u00f3n en la gran vidriera del boxeo mundial,&nbsp;Mirco Cuello&nbsp;obr\u00f3 un milagro en el T-Mobile Arena de&nbsp;Las Vegas. En el \u00faltimo round de la contienda, cuando las tarjetas estaban en su contra influidas por su tempranera ca\u00edda en el segundo asalto, el argentino gan\u00f3 con [&hellip;]<\/p>\n","protected":false},"author":9,"featured_media":0,"comment_status":"open","ping_status":"open","sticky":false,"template":"","format":"standard","meta":{"site-sidebar-layout":"default","site-content-layout":"","ast-site-content-layout":"default","site-content-style":"default","site-sidebar-style":"default","ast-global-header-display":"","ast-banner-title-visibility":"","ast-main-header-display":"","ast-hfb-above-header-display":"","ast-hfb-below-header-display":"","ast-hfb-mobile-header-display":"","site-post-title":"","ast-breadcrumbs-content":"","ast-featured-img":"","footer-sml-layout":"","ast-disable-related-posts":"","theme-transparent-header-meta":"","adv-header-id-meta":"","stick-header-meta":"","header-above-stick-meta":"","header-main-stick-meta":"","header-below-stick-meta":"","astra-migrate-meta-layouts":"default","ast-page-background-enabled":"default","ast-page-background-meta":{"desktop":{"background-color":"","background-image":"","background-repeat":"repeat","background-position":"center center","background-size":"auto","background-attachment":"scroll","background-type":"","background-media":"","overlay-type":"","overlay-color":"","overlay-opacity":"","overlay-gradient":""},"tablet":{"background-color":"","background-image":"","background-repeat":"repeat","background-position":"center center","background-size":"auto","background-attachment":"scroll","background-type":"","background-media":"","overlay-type":"","overlay-color":"","overlay-opacity":"","overlay-gradient":""},"mobile":{"background-color":"","background-image":"","background-repeat":"repeat","background-position":"center center","background-size":"auto","background-attachment":"scroll","background-type":"","background-media":"","overlay-type":"","overlay-color":"","overlay-opacity":"","overlay-gradient":""}},"ast-content-background-meta":{"desktop":{"background-color":"var(--ast-global-color-5)","background-image":"","background-repeat":"repeat","background-position":"center center","background-size":"auto","background-attachment":"scroll","background-type":"","background-media":"","overlay-type":"","overlay-color":"","overlay-opacity":"","overlay-gradient":""},"tablet":{"background-color":"var(--ast-global-color-5)","background-image":"","background-repeat":"repeat","background-position":"center center","background-size":"auto","background-attachment":"scroll","background-type":"","background-media":"","overlay-type":"","overlay-color":"","overlay-opacity":"","overlay-gradient":""},"mobile":{"background-color":"var(--ast-global-color-5)","background-image":"","background-repeat":"repeat","background-position":"center center","background-size":"auto","background-attachment":"scroll","background-type":"","background-media":"","overlay-type":"","overlay-color":"","overlay-opacity":"","overlay-gradient":""}},"footnotes":""},"categories":[11],"tags":[],"class_list":["post-114456","post","type-post","status-publish","format-standard","hentry","category-deportes"],"spectra_blocks_featured_image_url":null,"spectra_blocks_author_info":{"display_name":"Jorge Alfredo Baret","avatar_url":"https:\/\/secure.gravatar.com\/avatar\/31696f5ca83439b642450ec7d3f82f98451a5efacb414343d5478c982b337f26?s=96&d=mm&r=g","author_link":"https:\/\/100xd.com.ar\/en\/author\/jorge\/","description":"Ingeniero Qu\u00edmico UTN - Director Apoderado de Comunicaciones Auditadas SA. Editor Responsable 100xd.com.ar."},"_links":{"self":[{"href":"https:\/\/100xd.com.ar\/en\/wp-json\/wp\/v2\/posts\/114456","targetHints":{"allow":["GET"]}}],"collection":[{"href":"https:\/\/100xd.com.ar\/en\/wp-json\/wp\/v2\/posts"}],"about":[{"href":"https:\/\/100xd.com.ar\/en\/wp-json\/wp\/v2\/types\/post"}],"author":[{"embeddable":true,"href":"https:\/\/100xd.com.ar\/en\/wp-json\/wp\/v2\/users\/9"}],"replies":[{"embeddable":true,"href":"https:\/\/100xd.com.ar\/en\/wp-json\/wp\/v2\/comments?post=114456"}],"version-history":[{"count":1,"href":"https:\/\/100xd.com.ar\/en\/wp-json\/wp\/v2\/posts\/114456\/revisions"}],"predecessor-version":[{"id":114458,"href":"https:\/\/100xd.com.ar\/en\/wp-json\/wp\/v2\/posts\/114456\/revisions\/114458"}],"wp:attachment":[{"href":"https:\/\/100xd.com.ar\/en\/wp-json\/wp\/v2\/media?parent=114456"}],"wp:term":[{"taxonomy":"category","embeddable":true,"href":"https:\/\/100xd.com.ar\/en\/wp-json\/wp\/v2\/categories?post=114456"},{"taxonomy":"post_tag","embeddable":true,"href":"https:\/\/100xd.com.ar\/en\/wp-json\/wp\/v2\/tags?post=114456"}],"curies":[{"name":"wp","href":"https:\/\/api.w.org\/{rel}","templated":true}]}}