{"id":113912,"date":"2025-01-22T11:53:59","date_gmt":"2025-01-22T14:53:59","guid":{"rendered":"https:\/\/100xd.com.ar\/?p=113912"},"modified":"2025-01-22T11:53:59","modified_gmt":"2025-01-22T14:53:59","slug":"ficha-limpia-el-enojo-de-cristina-y-la-suerte-de-lijo","status":"publish","type":"post","link":"https:\/\/100xd.com.ar\/en\/ficha-limpia-el-enojo-de-cristina-y-la-suerte-de-lijo\/","title":{"rendered":"Ficha limpia: el enojo de Cristina y la suerte de Lijo"},"content":{"rendered":"<p class=\"wp-block-paragraph\"><strong>Ariel Lijo<\/strong>, el candidato inveros\u00edmil a juez de la Corte Suprema, tuvo&nbsp;<a href=\"https:\/\/www.lanacion.com.ar\/politica\/el-kirchnerismo-nego-que-exista-un-acuerdo-para-votar-el-pliego-de-ariel-lijo-para-la-corte-suprema-nid20012025\/\"><strong>una mala noticia<\/strong><\/a>&nbsp;(otra m\u00e1s) cuando ley\u00f3 el listado de los temas que el Presidente hab\u00eda confeccionado para las&nbsp;<strong>sesiones extraordinarias&nbsp;<\/strong>del Congreso. Figuraban el eventual acuerdo senatorial a \u00e9l y a&nbsp;<strong>Manuel Garc\u00eda-Mansilla<\/strong>&nbsp;como miembros de la Corte Suprema, pero tambi\u00e9n el proyecto de&nbsp;<a href=\"https:\/\/www.lanacion.com.ar\/politica\/ficha-limpia-el-voto-de-los-senadores-misioneros-clave-para-la-suerte-del-proyecto-oficial-en-el-nid20012025\/\"><strong>ficha limpia<\/strong><\/a>, por el que alguien con una doble sentencia judicial \u2013el caso de&nbsp;<strong>Cristina Kirchner<\/strong>&nbsp;parece dibujado en ese proyecto\u2013 no podr\u00e1 ser candidato a cargos p\u00fablicos ni funcionario del Estado en cualquiera de sus dependencias.<\/p>\n\n\n\n<p class=\"wp-block-paragraph\">Al rev\u00e9s del proyecto anterior, que tambi\u00e9n era muy bueno, esta vez la iniciativa fue redactada nada menos que por el ministro de Defensa,&nbsp;<strong>Luis Petri<\/strong>. La anterior hab\u00eda sido una creaci\u00f3n de la diputada de Pro&nbsp;<strong>Silvia Lospennato<\/strong>, que naufrag\u00f3 cuando hubo notorias ausencias en la C\u00e1mara de Diputados el d\u00eda en que se iba a tratar y, eventualmente, aprobar. La ausencia del bloque de La Libertad Avanza fue la novedad m\u00e1s asombrosa de esa jornada parlamentaria.&nbsp;<mark>\u201c\u00a1Acuerdo del Gobierno con Cristina Kirchner!\u201d<\/mark>, gritaron desde la tribuna pol\u00edtica. El esc\u00e1ndalo posterior se extendi\u00f3 por varios d\u00edas.<a href=\"https:\/\/www.lanacion.com.ar\/politica\/se-rematara-otra-propiedad-de-lazaro-baez-en-uruguay-tras-la-millonaria-venta-de-el-entrevero-nid21012025\/\" target=\"_blank\" rel=\"noreferrer noopener\">SE REMATAR\u00c1 OTRA PROPIEDAD DE L\u00c1ZARO B\u00c1EZ EN URUGUAY TRAS LA MILLONARIA VENTA DE EL ENTREVERO<em><\/em><\/a><\/p>\n\n\n\n<p class=\"wp-block-paragraph\"><strong>Javier Milei&nbsp;<\/strong>prometi\u00f3, para apagar el fuego de la protesta, que habr\u00eda un nuevo proyecto de ficha limpia y convoc\u00f3 para redactarlo al abogado&nbsp;<strong>Alejandro Fargosi<\/strong>, a quien luego abandon\u00f3 en una banquina cualquiera, y puso en su lugar al ministro Petri. Petri hizo un proyecto que no solo conform\u00f3 al Gobierno, sino tambi\u00e9n a varios sectores de la oposici\u00f3n dialoguista, Lospennato incluida. En s\u00edntesis,&nbsp;<mark>si ese proyecto se aprobara por las dos c\u00e1maras del Congreso Cristina Kirchner no podr\u00e1 ser candidata a diputada nacional<\/mark>&nbsp;por la provincia de Buenos Aires en las elecciones del pr\u00f3ximo octubre. Ese es un rumor que se instal\u00f3 en la pol\u00edtica desde hace tiempo.&nbsp;<strong>Ella calla: no confirma ni desmiente<\/strong>. La \u00fanica diferencia con lo anterior es que ahora el proyecto es del propio Gobierno y redactado por un ministro importante; antes pertenec\u00eda a una diputada que no era del oficialismo.<\/p>\n\n\n\n<p class=\"wp-block-paragraph\">Seg\u00fan los buenos contadores de votos,&nbsp;<strong>el proyecto de ficha limpia, que est\u00e1 en la C\u00e1mara de Diputados, no tiene asegurado por ahora ni siquiera el n\u00famero del&nbsp;<\/strong><em><strong>quorum&nbsp;<\/strong><\/em><strong>(129 diputados)<\/strong>. Al ser una ley electoral tiene el beneficio de que podr\u00eda entrar en vigencia en el acto y que puede, inclusive, tener efectos retroactivos; se entiende: puede comprender a las personas que ya cuenten con una doble sentencia judicial. Pero hay, al mismo tiempo, una desventaja: es una ley electoral y, por lo tanto, su aprobaci\u00f3n requiere del voto de la&nbsp;<strong>mayor\u00eda absoluta<\/strong>&nbsp;de las dos c\u00e1maras del Congreso.&nbsp;<mark>129 diputados y 37 senadores, no importa cu\u00e1ntos legisladores est\u00e9n en el recinto<\/mark>. El proyecto remite invariablemente, en efecto, al caso de la se\u00f1ora de Kirchner, que ya fue condenada por un tribunal oral a seis a\u00f1os de prisi\u00f3n \u2013y a la inhabilitaci\u00f3n perpetua para ejercer la funci\u00f3n p\u00fablica\u2013, sentencia confirmada luego por la C\u00e1mara de Casaci\u00f3n, tanto en la calificaci\u00f3n del delito como en los a\u00f1os de prisi\u00f3n. Muchos argentinos recuerdan el memorable alegato final del fiscal&nbsp;<strong>Diego Luciani&nbsp;<\/strong>en esa causa, la de Vialidad, que investig\u00f3 la relaci\u00f3n corrupta entre la dinast\u00eda de los Kirchner y<strong>&nbsp;L\u00e1zaro B\u00e1ez<\/strong>.<\/p>\n\n\n\n<p class=\"wp-block-paragraph\">En rigor, se trata ya de una sentencia firme porque la C\u00e1mara de Casaci\u00f3n es la \u00faltima instancia del fuero penal en el pa\u00eds.&nbsp;<mark>En cualquier otro lugar del planeta, la expresidenta estar\u00eda, inclusive, en prisi\u00f3n domiciliaria<\/mark>. En la Argentina, en cambio, se considera en los hechos que la Corte Suprema de Justicia, donde los abogados de Cristina anticiparon que llevar\u00e1n el caso, es una instancia de apelaci\u00f3n. No lo es; la Corte Suprema es un recurso extraordinario, que el m\u00e1ximo tribunal del pa\u00eds puede aceptar o rechazar. El caso de Cristina es m\u00e1s inexplicable aun porque los dos tribunales anteriores estuvieron de acuerdo. Es dif\u00edcil, por lo tanto, que la Corte interceda ante esas sentencias coincidentes. \u201cLa Corte trata de respetar las decisiones de los jueces de instancias inferiores, salvo que haya discrepancias entre ellos\u201d, dijeron funcionarios cercanos al empinado tribunal.<\/p>\n\n\n\n<p class=\"wp-block-paragraph\">El peronismo, desde ya, no votar\u00e1 ese proyecto, porque la&nbsp;<strong>impunidad&nbsp;<\/strong>es un valor que los herederos de Per\u00f3n rescatan m\u00e1s all\u00e1 de las diferencias entre sus distintas facciones. La opini\u00f3n de Cristina Kirchner pudo leerse en un tuit del exministro del Interior&nbsp;<strong>Eduardo \u201cWado\u201d de Pedro<\/strong>, un pol\u00edtico incondicional de la expresidenta aun cuando era funcionario de Alberto Fern\u00e1ndez y actuaba contra este en nombre de ella. De Pedro sostuvo, dram\u00e1tico y elefanti\u00e1sico, que&nbsp;<strong>con ese proyecto de ficha limpia \u201cel pa\u00eds entr\u00f3 a una democracia condicionada\u201d<\/strong>, que se trata de la \u201cproscripci\u00f3n del peronismo\u201d y, ya en la cima de la paquidermia pol\u00edtica, profetiz\u00f3 que \u201ccomienza una etapa oscura y degradante para la rep\u00fablica\u201d.&nbsp;<strong>Todo eso porque a una condenada por corrupci\u00f3n le impedir\u00edan ser candidata<\/strong>. Pero nadie pod\u00eda esperar otra cosa del peronismo que, adem\u00e1s, conduce la propia Cristina Kirchner sin que ning\u00fan peronista se haya animado a frenar su paso (o a intentarlo) hacia la m\u00e1xima jefatura de la organizaci\u00f3n pol\u00edtica de Per\u00f3n.<\/p>\n\n\n\n<p class=\"wp-block-paragraph\">La sorpresa sucedi\u00f3 ayer cuando<strong>&nbsp;Miguel \u00c1ngel Pichetto<\/strong>, jefe de un bloque excesivamente policromo, anunci\u00f3 que no ir\u00eda a la reuni\u00f3n con el jefe de Gabinete,&nbsp;<strong>Guillermo Francos<\/strong>, quien convoc\u00f3 a los l\u00edderes parlamentarios de la oposici\u00f3n dialoguista en Diputados para empezar a hablar de los temas enviados por el Presidente a las sesiones extraordinarias del Congreso. Pichetto suele ser un predicador del di\u00e1logo, pero esta vez puso una condici\u00f3n innecesaria: que la reuni\u00f3n se haga en el Congreso y no en el despacho de Francos en la Casa de Gobierno.&nbsp;<strong>Nunca import\u00f3 d\u00f3nde se habla la pol\u00edtica, sino que se hable de ella.<\/strong>&nbsp;Seguramente, algunos miembros de su bloque no est\u00e1n interesados en aprobarle nada a Milei, mucho menos el proyecto de ficha limpia. No obstante, en el bloque de Pichetto est\u00e1n tambi\u00e9n diputados como&nbsp;<strong>Margarita Stolbizer<\/strong>, que tiene un largo historial en su lucha contra la corrupci\u00f3n del kirchnerismo. Sin embargo, otros diputados de ese bloque se manifestaron fastidiados porque&nbsp;<strong>el Gobierno no envi\u00f3 el presupuesto de este a\u00f1o a las sesiones extraordinarias.<\/strong><\/p>\n\n\n\n<p class=\"wp-block-paragraph\">Es cierto que el presupuesto debi\u00f3 estar en esas reuniones (su aprobaci\u00f3n por parte del Congreso es un mandato de la Constituci\u00f3n), pero tambi\u00e9n lo es que el proyecto de ficha limpia es fundamental para la salud institucional de la rep\u00fablica. Francos se reuni\u00f3 ayer, al final, con el presidente del bloque de Pro, Cristian Ritondo; con el jefe del bloque de radicalismo, Rodrigo de Loredo, y con el jefe de la bancada del MID, Oscar Zago, que fue el primer presidente del bloque de La Libertad Avanza. Nunca se supo a ciencia cierta por qu\u00e9 Milei lo hizo a un costado.<\/p>\n\n\n\n<p class=\"wp-block-paragraph\">No obstante, puede ser que no todo est\u00e9 perdido.&nbsp;<mark>Existe el temor en muchos diputados no peronistas de que su ausencia en la sesi\u00f3n que tratar\u00e1 el proyecto de ficha limpia ser\u00e1 m\u00e1s noticia que su presencia<\/mark>. Ya sucedi\u00f3 cuando fracas\u00f3 la reuni\u00f3n por el proyecto de Lospennato.<strong>&nbsp;\u201cLas fotos del d\u00eda siguiente ser\u00e1n las de los ausentes, no las de los presentes\u201d<\/strong>, se escuch\u00f3 decir a un diputado de Pro que cancel\u00f3 un viaje al exterior para asistir a un seminario sobre Inteligencia Artificial. Hasta el jefe de ese bloque, Ritondo, estaba entusiasmado con el viaje del diputado por un tema de mucha actualidad, pero el mismo diputado lo desalent\u00f3: \u201cSi no estoy el d\u00eda en que se vote lo de ficha limpia, luego no podr\u00e9 caminar por la calle\u201d, le dijo mientras cancelaba el viaje. \u00bfCu\u00e1ntos diputados no peronistas har\u00e1n lo mismo que ese viajero frustrado? Tal vez, muchos. Es la esperanza de quienes esperan que el proyecto se apruebe en Diputados.<\/p>\n\n\n\n<p class=\"wp-block-paragraph\">Luego, la batalla se trasladar\u00e1 al Senado, donde la relaci\u00f3n de fuerzas es m\u00e1s d\u00e9bil a\u00fan para los no peronistas. La mamarrachesca actuaci\u00f3n del exsenador entrerriano&nbsp;<strong>Edgardo Kueider<\/strong>, peronista pero dialoguista con el mile\u00edsmo, pescado en la frontera con Paraguay con una mochila con 200.000 d\u00f3lares y una secretaria, le abri\u00f3 las puertas a una camporista,&nbsp;<strong>Stefan\u00eda Cora<\/strong>, quien lo reemplazar\u00e1 como senadora nacional por este a\u00f1o. Kueider habr\u00eda concluido su mandato el pr\u00f3ximo 10 de diciembre; Cora lo concluir\u00e1.<strong>&nbsp;El peronismo qued\u00f3 con 34 senadores; le faltan apenas tres para el&nbsp;<\/strong><em><strong>quorum&nbsp;<\/strong><\/em><strong>y para la mayor\u00eda absoluta propia<\/strong>, que podr\u00eda conseguirla con amigos, adem\u00e1s de los enojados o resentidos con el mile\u00edsmo. Nunca faltan.<\/p>\n\n\n\n<p class=\"wp-block-paragraph\">Aquel tuit de Wado de Pedro anticip\u00f3 tambi\u00e9n que&nbsp;<strong>el cristinismo se alej\u00f3 m\u00e1s todav\u00eda del acuerdo a Lijo<\/strong>. \u00bfC\u00f3mo podr\u00eda la expresidenta apoyar a un candidato del Gobierno a juez de la Corte Suprema cuando esos mismos gobernantes env\u00edan al Congreso una ley para expulsarla a ella de la competencia pol\u00edtica? A su vez, el presidente del bloque peronista,&nbsp;<strong>Jos\u00e9 Mayans<\/strong>, asegur\u00f3 que nunca hubo hasta ahora una negociaci\u00f3n con el Gobierno por el acuerdo a los jueces de la Corte Suprema. El Gobierno le hab\u00eda entregado antes un regalo a la expresidenta: sac\u00f3 a la UIF (Unidad de Investigaciones Financieras) como querellante en los juicios por corrupci\u00f3n de Cristina Kirchner. Los querellantes pueden apelar las decisiones arbitrarias de los jueces;&nbsp;<strong>ahora la apelaci\u00f3n qued\u00f3 todo solo en manos de los fiscales, buenos o malos.<\/strong><a href=\"https:\/\/www.lanacion.com.ar\/politica\/el-gobierno-apuesta-al-tratado-de-libre-comercio-con-estados-unidos-y-abre-otra-crisis-en-el-nid21012025\/\" target=\"_blank\" rel=\"noreferrer noopener\">EL GOBIERNO APUESTA AL TRATADO DE LIBRE COMERCIO CON ESTADOS UNIDOS Y ABRE OTRA CRISIS EN EL MERCOSUR<em><\/em><\/a><\/p>\n\n\n\n<p class=\"wp-block-paragraph\">El acuerdo de los dos jueces, pero sobre todo el de Lijo, que es el m\u00e1s cuestionado, necesitar\u00e1 probablemente de 48 votos de los senadores, que son los dos tercios del cuerpo. Si bien la Constituci\u00f3n se\u00f1ala que los dos tercios deben ser de los senadores presentes en el recinto, suceder\u00e1 lo mismo que con la ficha limpia. La foto del d\u00eda siguiente, como dijo aquel diputado, ser\u00e1 las de los senadores ausentes, no las de los presentes. Por lo tanto, el Gobierno debe prever que tendr\u00e1 que contar los dos tercios de todos los senadores, los 48. Cristina Kirchner puede controlar el tercio restante, que son 25 senadores (el tercio m\u00e1s uno); si ella demostrara que puede liderar a ese grupo de senadores, los 48 de los dos tercios ser\u00edan un n\u00famero imposible.\u00a0<strong>Para peor, tampoco la vicepresidenta, Victoria Villarruel, presidenta natural del Senado, est\u00e1 dispuesta a hacer nada por Lijo, a quien cuestion\u00f3 desde el primer instante.<\/strong>\u00a0Cerca suyo dicen que trabajar\u00eda personalmente los dos tercios si los dos jueces tuvieran la envergadura intelectual y moral del otro propuesto, Manuel Garc\u00eda-Mansilla. La \u00fanica objeci\u00f3n que se le hizo a Garc\u00eda-Mansilla fue que tiene ideas conservadoras. Pero ese acad\u00e9mico es el primero en saber que los jueces no crean las leyes; simplemente, las hacen cumplir.<\/p>\n\n\n\n<p class=\"wp-block-paragraph\">Por\u00a0<a href=\"https:\/\/www.lanacion.com.ar\/autor\/joaquin-morales-sola-51\/\"><strong>Joaqu\u00edn Morales Sol\u00e1<\/strong><\/a><\/p>\n\n\n\n<p class=\"wp-block-paragraph\">Fuente:<a href=\"https:\/\/www.lanacion.com.ar\/\"> La Naci\u00f3n<\/a><\/p>","protected":false},"excerpt":{"rendered":"<p>Ariel Lijo, el candidato inveros\u00edmil a juez de la Corte Suprema, tuvo&nbsp;una mala noticia&nbsp;(otra m\u00e1s) cuando ley\u00f3 el listado de los temas que el Presidente hab\u00eda confeccionado para las&nbsp;sesiones extraordinarias&nbsp;del Congreso. Figuraban el eventual acuerdo senatorial a \u00e9l y a&nbsp;Manuel Garc\u00eda-Mansilla&nbsp;como miembros de la Corte Suprema, pero tambi\u00e9n el proyecto de&nbsp;ficha limpia, por el que [&hellip;]<\/p>\n","protected":false},"author":9,"featured_media":0,"comment_status":"open","ping_status":"open","sticky":false,"template":"","format":"standard","meta":{"site-sidebar-layout":"default","site-content-layout":"","ast-site-content-layout":"default","site-content-style":"default","site-sidebar-style":"default","ast-global-header-display":"","ast-banner-title-visibility":"","ast-main-header-display":"","ast-hfb-above-header-display":"","ast-hfb-below-header-display":"","ast-hfb-mobile-header-display":"","site-post-title":"","ast-breadcrumbs-content":"","ast-featured-img":"","footer-sml-layout":"","ast-disable-related-posts":"","theme-transparent-header-meta":"","adv-header-id-meta":"","stick-header-meta":"","header-above-stick-meta":"","header-main-stick-meta":"","header-below-stick-meta":"","astra-migrate-meta-layouts":"default","ast-page-background-enabled":"default","ast-page-background-meta":{"desktop":{"background-color":"","background-image":"","background-repeat":"repeat","background-position":"center center","background-size":"auto","background-attachment":"scroll","background-type":"","background-media":"","overlay-type":"","overlay-color":"","overlay-opacity":"","overlay-gradient":""},"tablet":{"background-color":"","background-image":"","background-repeat":"repeat","background-position":"center center","background-size":"auto","background-attachment":"scroll","background-type":"","background-media":"","overlay-type":"","overlay-color":"","overlay-opacity":"","overlay-gradient":""},"mobile":{"background-color":"","background-image":"","background-repeat":"repeat","background-position":"center center","background-size":"auto","background-attachment":"scroll","background-type":"","background-media":"","overlay-type":"","overlay-color":"","overlay-opacity":"","overlay-gradient":""}},"ast-content-background-meta":{"desktop":{"background-color":"var(--ast-global-color-5)","background-image":"","background-repeat":"repeat","background-position":"center center","background-size":"auto","background-attachment":"scroll","background-type":"","background-media":"","overlay-type":"","overlay-color":"","overlay-opacity":"","overlay-gradient":""},"tablet":{"background-color":"var(--ast-global-color-5)","background-image":"","background-repeat":"repeat","background-position":"center center","background-size":"auto","background-attachment":"scroll","background-type":"","background-media":"","overlay-type":"","overlay-color":"","overlay-opacity":"","overlay-gradient":""},"mobile":{"background-color":"var(--ast-global-color-5)","background-image":"","background-repeat":"repeat","background-position":"center center","background-size":"auto","background-attachment":"scroll","background-type":"","background-media":"","overlay-type":"","overlay-color":"","overlay-opacity":"","overlay-gradient":""}},"footnotes":""},"categories":[12],"tags":[],"class_list":["post-113912","post","type-post","status-publish","format-standard","hentry","category-opinion"],"spectra_blocks_featured_image_url":null,"spectra_blocks_author_info":{"display_name":"Jorge Alfredo Baret","avatar_url":"https:\/\/secure.gravatar.com\/avatar\/31696f5ca83439b642450ec7d3f82f98451a5efacb414343d5478c982b337f26?s=96&d=mm&r=g","author_link":"https:\/\/100xd.com.ar\/en\/author\/jorge\/","description":"Ingeniero Qu\u00edmico UTN - Director Apoderado de Comunicaciones Auditadas SA. Editor Responsable 100xd.com.ar."},"_links":{"self":[{"href":"https:\/\/100xd.com.ar\/en\/wp-json\/wp\/v2\/posts\/113912","targetHints":{"allow":["GET"]}}],"collection":[{"href":"https:\/\/100xd.com.ar\/en\/wp-json\/wp\/v2\/posts"}],"about":[{"href":"https:\/\/100xd.com.ar\/en\/wp-json\/wp\/v2\/types\/post"}],"author":[{"embeddable":true,"href":"https:\/\/100xd.com.ar\/en\/wp-json\/wp\/v2\/users\/9"}],"replies":[{"embeddable":true,"href":"https:\/\/100xd.com.ar\/en\/wp-json\/wp\/v2\/comments?post=113912"}],"version-history":[{"count":1,"href":"https:\/\/100xd.com.ar\/en\/wp-json\/wp\/v2\/posts\/113912\/revisions"}],"predecessor-version":[{"id":113914,"href":"https:\/\/100xd.com.ar\/en\/wp-json\/wp\/v2\/posts\/113912\/revisions\/113914"}],"wp:attachment":[{"href":"https:\/\/100xd.com.ar\/en\/wp-json\/wp\/v2\/media?parent=113912"}],"wp:term":[{"taxonomy":"category","embeddable":true,"href":"https:\/\/100xd.com.ar\/en\/wp-json\/wp\/v2\/categories?post=113912"},{"taxonomy":"post_tag","embeddable":true,"href":"https:\/\/100xd.com.ar\/en\/wp-json\/wp\/v2\/tags?post=113912"}],"curies":[{"name":"wp","href":"https:\/\/api.w.org\/{rel}","templated":true}]}}