{"id":112554,"date":"2024-12-23T11:59:21","date_gmt":"2024-12-23T14:59:21","guid":{"rendered":"https:\/\/100xd.com.ar\/?p=112554"},"modified":"2024-12-23T11:59:21","modified_gmt":"2024-12-23T14:59:21","slug":"chicanas-procesales","status":"publish","type":"post","link":"https:\/\/100xd.com.ar\/en\/chicanas-procesales\/","title":{"rendered":"Chicanas procesales"},"content":{"rendered":"<p class=\"wp-block-paragraph\">La causa por el denominado \u201cFabiolagate\u201d se inici\u00f3 cuando, en el contexto de la investigaci\u00f3n por presunto&nbsp;<mark>direccionamiento en los contratos de seguros de organismos p\u00fablicos<\/mark>, el Juez&nbsp;<strong>Juli\u00e1n Ercolini<\/strong>&nbsp;perit\u00f3 el celular de&nbsp;<strong>Mar\u00eda Cantero<\/strong>, secretaria del expresidente&nbsp;<strong>Alberto Fern\u00e1ndez<\/strong>. De los chats intercambiados con la ex primera dama surgi\u00f3 que era&nbsp;<mark>v\u00edctima de golpes<\/mark>, con fotos de moretones que no tardaron en viralizarse. Fue as\u00ed que el juez cit\u00f3 a<strong>&nbsp;Fabiola Ya\u00f1ez<\/strong>&nbsp;para preguntarle si quer\u00eda hacer una denuncia penal por violencia de g\u00e9nero, un delito de instancia privada. Siendo que ella finalmente avanz\u00f3 por dicho camino, Fern\u00e1ndez qued\u00f3 acusado por<mark>&nbsp;lesiones leves doblemente agravadas, una lesi\u00f3n grave por el debilitamiento permanente de la salud y por coacciones<\/mark>&nbsp;hacia Ya\u00f1ez para que no presentara denuncia en su contra.<\/p>\n\n\n\n<p class=\"wp-block-paragraph\">El exmandatario ya hab\u00eda recusado a Ercolini en la causa seguros. Su abogada present\u00f3 un escrito recus\u00e1ndolo tambi\u00e9n en la causa por violencia de g\u00e9nero.&nbsp;<strong>Silvina Carreira<\/strong>&nbsp;lo declar\u00f3 parcial e incompetente, solicit\u00f3 que el expediente se trasladara de&nbsp;<strong>Comodoro Py&nbsp;<\/strong>a los juzgados de&nbsp;<strong>San Isidro<\/strong>, lugar asiento de los hechos, y lo acus\u00f3 de haber deso\u00eddo lo sugerido por organismos especializados en cuestiones de g\u00e9nero en cuanto a la asistencia a prestar a la v\u00edctima. Objet\u00f3 tambi\u00e9n el allanamiento al departamento de&nbsp;<strong>Puerto Madero&nbsp;<\/strong>que habitaba el exmandatario cuando se secuestraron dispositivos y lo critic\u00f3 por las filtraciones a la prensa.<\/p>\n\n\n\n<p class=\"wp-block-paragraph\">El juez Ercolini rechaz\u00f3 la recusaci\u00f3n, pues entendi\u00f3 que \u201cno existe un basamento f\u00e1ctico ni jur\u00eddico que sustente su planteo\u201d y que \u201cha quedado evidenciado que la actuaci\u00f3n del suscripto desde el inicio del expediente, esto es, el hallazgo del material en la copia forense de Cantero, hasta su remisi\u00f3n a sorteo y continuaci\u00f3n del tr\u00e1mite, ha sido conforme lo indica la ley y normativa aplicable\u201d. Pero m\u00e1s tarde, Ercolini&nbsp;<mark>concedi\u00f3 la apelaci\u00f3n<\/mark>&nbsp;que present\u00f3 la defensa para trasladar el expediente hacia los juzgados federales de San Isidro. Ahora debe resolver la C\u00e1mara Federal porte\u00f1a.<\/p>\n\n\n\n<p class=\"wp-block-paragraph\">Carreira considera que los hechos que se investigan, de haber ocurrido, sucedieron en esa jurisdicci\u00f3n y as\u00ed se lo hizo saber al juez.<\/p>\n\n\n\n<p class=\"wp-block-paragraph\">No hab\u00eda tenido \u00e9xito el expresidente al pretender recusar al fiscal&nbsp;<strong>Ramiro Gonz\u00e1lez<\/strong>, quien lo acusa de&nbsp;<mark>lesiones leves y agravadas por violencia de g\u00e9nero y amenazas coactivas<\/mark>. M\u00e1s all\u00e1 de que ver c\u00f3mo se resuelve este \u00faltimo incidente en el expediente, lo concreto es que la defensa forz\u00f3 la suspensi\u00f3n de la declaraci\u00f3n indagatoria prevista para el 11 de diciembre. La C\u00e1mara Federal porte\u00f1a convoc\u00f3 a una audiencia para el 26 de este mes.<\/p>\n\n\n\n<p class=\"wp-block-paragraph\">Es sabido que en el terreno judicial las estrategias, las maniobras y chicanas interpuestas por los actores definen tiempos y partidas. Los ciudadanos observamos con atenci\u00f3n las diligencias y\u00a0<mark>confiamos en que la Justicia ponga las cosas en su sitio<\/mark>\u00a0tanto en estas como en tantas otras causas que comprometen a quienes alguna vez estuvieron en el poder.<\/p>\n\n\n\n<p class=\"wp-block-paragraph\">Fuente: <a href=\"https:\/\/www.lanacion.com.ar\/\">La Naci\u00f3n<\/a><\/p>","protected":false},"excerpt":{"rendered":"<p>La causa por el denominado \u201cFabiolagate\u201d se inici\u00f3 cuando, en el contexto de la investigaci\u00f3n por presunto&nbsp;direccionamiento en los contratos de seguros de organismos p\u00fablicos, el Juez&nbsp;Juli\u00e1n Ercolini&nbsp;perit\u00f3 el celular de&nbsp;Mar\u00eda Cantero, secretaria del expresidente&nbsp;Alberto Fern\u00e1ndez. De los chats intercambiados con la ex primera dama surgi\u00f3 que era&nbsp;v\u00edctima de golpes, con fotos de moretones que [&hellip;]<\/p>\n","protected":false},"author":9,"featured_media":0,"comment_status":"open","ping_status":"open","sticky":false,"template":"","format":"standard","meta":{"site-sidebar-layout":"default","site-content-layout":"","ast-site-content-layout":"default","site-content-style":"default","site-sidebar-style":"default","ast-global-header-display":"","ast-banner-title-visibility":"","ast-main-header-display":"","ast-hfb-above-header-display":"","ast-hfb-below-header-display":"","ast-hfb-mobile-header-display":"","site-post-title":"","ast-breadcrumbs-content":"","ast-featured-img":"","footer-sml-layout":"","ast-disable-related-posts":"","theme-transparent-header-meta":"","adv-header-id-meta":"","stick-header-meta":"","header-above-stick-meta":"","header-main-stick-meta":"","header-below-stick-meta":"","astra-migrate-meta-layouts":"default","ast-page-background-enabled":"default","ast-page-background-meta":{"desktop":{"background-color":"","background-image":"","background-repeat":"repeat","background-position":"center center","background-size":"auto","background-attachment":"scroll","background-type":"","background-media":"","overlay-type":"","overlay-color":"","overlay-opacity":"","overlay-gradient":""},"tablet":{"background-color":"","background-image":"","background-repeat":"repeat","background-position":"center center","background-size":"auto","background-attachment":"scroll","background-type":"","background-media":"","overlay-type":"","overlay-color":"","overlay-opacity":"","overlay-gradient":""},"mobile":{"background-color":"","background-image":"","background-repeat":"repeat","background-position":"center center","background-size":"auto","background-attachment":"scroll","background-type":"","background-media":"","overlay-type":"","overlay-color":"","overlay-opacity":"","overlay-gradient":""}},"ast-content-background-meta":{"desktop":{"background-color":"var(--ast-global-color-5)","background-image":"","background-repeat":"repeat","background-position":"center center","background-size":"auto","background-attachment":"scroll","background-type":"","background-media":"","overlay-type":"","overlay-color":"","overlay-opacity":"","overlay-gradient":""},"tablet":{"background-color":"var(--ast-global-color-5)","background-image":"","background-repeat":"repeat","background-position":"center center","background-size":"auto","background-attachment":"scroll","background-type":"","background-media":"","overlay-type":"","overlay-color":"","overlay-opacity":"","overlay-gradient":""},"mobile":{"background-color":"var(--ast-global-color-5)","background-image":"","background-repeat":"repeat","background-position":"center center","background-size":"auto","background-attachment":"scroll","background-type":"","background-media":"","overlay-type":"","overlay-color":"","overlay-opacity":"","overlay-gradient":""}},"footnotes":""},"categories":[149],"tags":[],"class_list":["post-112554","post","type-post","status-publish","format-standard","hentry","category-entrevistas"],"spectra_blocks_featured_image_url":null,"spectra_blocks_author_info":{"display_name":"Jorge Alfredo Baret","avatar_url":"https:\/\/secure.gravatar.com\/avatar\/31696f5ca83439b642450ec7d3f82f98451a5efacb414343d5478c982b337f26?s=96&d=mm&r=g","author_link":"https:\/\/100xd.com.ar\/en\/author\/jorge\/","description":"Ingeniero Qu\u00edmico UTN - Director Apoderado de Comunicaciones Auditadas SA. Editor Responsable 100xd.com.ar."},"_links":{"self":[{"href":"https:\/\/100xd.com.ar\/en\/wp-json\/wp\/v2\/posts\/112554","targetHints":{"allow":["GET"]}}],"collection":[{"href":"https:\/\/100xd.com.ar\/en\/wp-json\/wp\/v2\/posts"}],"about":[{"href":"https:\/\/100xd.com.ar\/en\/wp-json\/wp\/v2\/types\/post"}],"author":[{"embeddable":true,"href":"https:\/\/100xd.com.ar\/en\/wp-json\/wp\/v2\/users\/9"}],"replies":[{"embeddable":true,"href":"https:\/\/100xd.com.ar\/en\/wp-json\/wp\/v2\/comments?post=112554"}],"version-history":[{"count":1,"href":"https:\/\/100xd.com.ar\/en\/wp-json\/wp\/v2\/posts\/112554\/revisions"}],"predecessor-version":[{"id":112556,"href":"https:\/\/100xd.com.ar\/en\/wp-json\/wp\/v2\/posts\/112554\/revisions\/112556"}],"wp:attachment":[{"href":"https:\/\/100xd.com.ar\/en\/wp-json\/wp\/v2\/media?parent=112554"}],"wp:term":[{"taxonomy":"category","embeddable":true,"href":"https:\/\/100xd.com.ar\/en\/wp-json\/wp\/v2\/categories?post=112554"},{"taxonomy":"post_tag","embeddable":true,"href":"https:\/\/100xd.com.ar\/en\/wp-json\/wp\/v2\/tags?post=112554"}],"curies":[{"name":"wp","href":"https:\/\/api.w.org\/{rel}","templated":true}]}}