{"id":112494,"date":"2024-12-22T10:35:19","date_gmt":"2024-12-22T13:35:19","guid":{"rendered":"https:\/\/100xd.com.ar\/?p=112494"},"modified":"2024-12-22T10:35:19","modified_gmt":"2024-12-22T13:35:19","slug":"una-sorpresa-para-el-arbol-de-navidad","status":"publish","type":"post","link":"https:\/\/100xd.com.ar\/en\/una-sorpresa-para-el-arbol-de-navidad\/","title":{"rendered":"Una sorpresa para el \u00e1rbol de Navidad"},"content":{"rendered":"<p class=\"wp-block-paragraph\">Ca\u00eda la tarde del viernes y la Plaza de Mayo exhib\u00eda sus monumentos a los turistas errantes. Ya se hab\u00edan retirado las agrupaciones de izquierda que con su marcha buscaban mantener vivo el recuerdo de la tragedia de 2001 ante la indiferencia del entorno. Una minor\u00eda movilizada e ideologizada frente a una mayor\u00eda desconectada que buscaba escapar del pasado. No hab\u00eda gremios ni movimientos sociales. El conurbano no daba se\u00f1ales de alerta. \u201c<mark>\u00bfTe das cuenta de que es 20 de diciembre y no est\u00e1 pasando nada? Otros a\u00f1os esto era una caldera<\/mark>\u201d, contrastaba, relajado, un funcionario desde la Casa Rosada.<\/p>\n\n\n\n<p class=\"wp-block-paragraph\">El Gobierno logr\u00f3 en el fin de a\u00f1o una&nbsp;<em>pax&nbsp;<\/em>social inusual para una administraci\u00f3n no peronista, que adem\u00e1s no siente ninguna empat\u00eda con las expresiones populares ni cuenta con grandes gestores de conflictos.&nbsp;<strong>Que la calle no sea hoy una amenaza para la estabilidad de una gesti\u00f3n explica mucho del cambio de \u00e9poca<\/strong>; habla de una sociedad lastimada, con pocas ganas de guerrear, que apenas cobija la expectativa de mejorar su situaci\u00f3n econ\u00f3mica. No quiere batallas \u00e9picas, s\u00f3lo llegar a fin de mes.<\/p>\n\n\n\n<figure data-spectra-id=\"spectra-57154f2f-af8c-419c-9d31-2514001ba4de\" class=\"wp-block-image\"><img decoding=\"async\" src=\"https:\/\/resizer.glanacion.com\/resizer\/v2\/marcha-del-20-de-HYOVMDXJLJED7NXJQQ4AXFATJM.jpg?auth=50968e805a89be3e722295fc0f205576b6c447c01703a21ccd9878ee439f293c&amp;width=420&amp;height=280&amp;quality=70&amp;smart=true\" alt=\"Marcha del 20 de diciembre\" title=\"Una sorpresa para el \u00e1rbol de Navidad\" \/><figcaption>Marcha del 20 de diciembreFrente de Izquierda<\/figcaption><\/figure>\n\n\n\n<p class=\"wp-block-paragraph\">Tuvo un efecto muy importante la doble pinza que ejecut\u00f3 la Casa Rosada sobre los movimientos sociales, por un lado con el protocolo antipiquetes y por el otro con la desintermediaci\u00f3n de los planes. Fue decisivo el aumento constante de las partidas para la asistencia alimentaria. Influy\u00f3 la fragmentaci\u00f3n del peronismo que le rest\u00f3 capacidad de reacci\u00f3n.&nbsp;<strong>Pero el dato absolutamente determinante de este cierre de a\u00f1o es la reducci\u00f3n sostenida de la inflaci\u00f3n.<\/strong><\/p>\n\n\n\n<p class=\"wp-block-paragraph\">S\u00f3lo de ese modo se pueden interpretar los datos del Indec que se conocieron esta semana, que dan cuenta de una baja de la pobreza de 52,9 % a 38,9 %, despu\u00e9s de un ajuste equivalente a 5 puntos del PBI. Por su magnitud,<strong>&nbsp;todo indica que se trata de un fen\u00f3meno esencialmente estad\u00edstico<\/strong>, basado en el retroceso de los precios y en una gradual recuperaci\u00f3n del poder salarial en los \u00faltimos meses.<\/p>\n\n\n\n<figure data-spectra-id=\"spectra-24e36428-c987-49c9-a520-02b7e5b0aa4b\" class=\"wp-block-image\"><img decoding=\"async\" src=\"https:\/\/resizer.glanacion.com\/resizer\/v2\/sandra-pettovello-al-salir-da-la-reunion-de-PKESMIMJMVETLNTQXETNDYZ3TQ.jpg?auth=050258f103108436dc478bec368971674574e5a04c13b136d58b7b7074b22fa9&amp;width=420&amp;height=280&amp;quality=70&amp;smart=true\" alt=\"Sandra Pettovello al salir da la reuni\u00f3n de gabinete en Casa Rosada\" title=\"Una sorpresa para el \u00e1rbol de Navidad\" \/><figcaption>Sandra Pettovello al salir da la reuni\u00f3n de gabinete en Casa Rosadatelam-14399<\/figcaption><\/figure>\n\n\n\n<p class=\"wp-block-paragraph\">Implica una mejora en la situaci\u00f3n de quienes se hab\u00edan ca\u00eddo debajo de la l\u00ednea de pobreza desde el final ca\u00f3tico del gobierno de&nbsp;<strong>Alberto Fern\u00e1ndez<\/strong>. Pero la gravedad del problema estructural sigue vigente en amplios sectores, porque como se\u00f1ala&nbsp;<strong>Agust\u00edn Salvia<\/strong>, del Observatorio de la Deuda Social de la UCA, \u201ctenemos menos pobres que hace seis meses, pero una cantidad igual que hace un a\u00f1o. Adem\u00e1s, l<mark>os actuales pobres son m\u00e1s pobres y m\u00e1s dependientes de los programas sociales. Hay un nuevo piso estructural de 33% de poblaci\u00f3n en situaci\u00f3n de pobreza<\/mark>&nbsp;que hasta ahora ning\u00fan gobierno ha podido perforar\u201d. Esa roca s\u00f3lo se va a poder romper con un crecimiento econ\u00f3mico sostenido.<\/p>\n\n\n\n<h2 class=\"wp-block-heading\"><em>Pax&nbsp;<\/em>cambiaria,&nbsp;<em>pax&nbsp;<\/em>social<\/h2>\n\n\n\n<p class=\"wp-block-paragraph\">Adem\u00e1s de festejar los indicadores sociales que le permiten responder con estad\u00edsticas la principal cr\u00edtica que recibe el modelo econ\u00f3mico,&nbsp;<strong>el Gobierno movi\u00f3 los hilos en silencio para evitar cualquier indicio de alteraci\u00f3n del clima navide\u00f1o.<\/strong>&nbsp;Por eso apenas percibi\u00f3 que el d\u00f3lar abandonaba su suave descenso de los \u00faltimos meses, dispuso una intervenci\u00f3n en las cotizaciones financieras que, seg\u00fan los analistas, super\u00f3 los&nbsp;<strong>US$200 millones.<\/strong><\/p>\n\n\n\n<p class=\"wp-block-paragraph\"><strong>Esta reacci\u00f3n introdujo una novedad muy significativa en el funcionamiento interno del Gobierno porque habr\u00eda sido incentivada por Santiago Caputo, avalada por Milei y compartida por Econom\u00eda.<\/strong>&nbsp;Es decir, se trat\u00f3 de una decisi\u00f3n de origen pol\u00edtico destinada a evitar sobresaltos en el fin de a\u00f1o y a eludir la sensaci\u00f3n de inestabilidad que siempre generan los movimientos cambiarios. D\u00f3lar calmo, inflaci\u00f3n controlada,&nbsp;<em>pax&nbsp;<\/em>social, una trilog\u00eda imbatible en el imaginario colectivo. Para algunos observadores del mercado se trat\u00f3 de un dato muy relevante porque implicar\u00eda&nbsp;<strong>la primera se\u00f1al concreta de que el asesor presidencial tambi\u00e9n empieza a tener alguna incidencia en cuestiones econ\u00f3micas<\/strong>&nbsp;de impacto social, un \u00e1rea inexplorada hasta ahora de su ampl\u00edsimo radio de acci\u00f3n.<\/p>\n\n\n\n<figure data-spectra-id=\"spectra-22cc2c04-6d55-454b-ba21-4403ff1d40a1\" class=\"wp-block-image\"><img decoding=\"async\" src=\"https:\/\/resizer.glanacion.com\/resizer\/v2\/el-ministro-de-economia-luis-TZZHUDXHA5ERRAURYLGZCSKJZE.jpeg?auth=cec238fde4bc194c103662255ec2d588637491bbd941696a5628f6cd35271712&amp;width=420&amp;height=280&amp;quality=70&amp;smart=true\" alt=\"El ministro de Econom\u00eda, Luis Caputo\" title=\"Una sorpresa para el \u00e1rbol de Navidad\" \/><figcaption>El ministro de Econom\u00eda, Luis CaputoSociedad Rural Argentina<\/figcaption><\/figure>\n\n\n\n<p class=\"wp-block-paragraph\"><strong>Tambi\u00e9n identifican sus huellas en la decisi\u00f3n de Milei de anunciar una merma del ritmo de devaluaci\u00f3n del d\u00f3lar oficial al 1% si se mantiene la baja de los precios<\/strong>, otro gesto tendiente a anclar expectativas inflacionarias. En algunos sectores del ala econ\u00f3mica no ve\u00edan con desagrado la idea de mantener el actual&nbsp;<em>crawling peg<\/em>&nbsp;del 2% como un modo disimulado de neutralizar el efecto que est\u00e1 teniendo el fortalecimiento del d\u00f3lar a nivel mundial y que determin\u00f3 la devaluaci\u00f3n de la moneda de varios pa\u00edses emergentes. Ser\u00eda un gesto de reconocimiento para quienes sostienen que hay un atraso cambiario. Sin embargo&nbsp;<strong>influy\u00f3 m\u00e1s la intenci\u00f3n de demostrar que en el inicio del a\u00f1o electoral el peso mantiene su fortaleza y la inflaci\u00f3n aparece derrotada<\/strong>. En todo caso los efectos de la revalorizaci\u00f3n monetaria sobre la competitividad de los sectores productivos se ver\u00e1n en un plazo m\u00e1s largo.<\/p>\n\n\n\n<p class=\"wp-block-paragraph\">Las se\u00f1ales de advertencia m\u00e1s preocupantes vienen de Brasil, que atraviesa un proceso devaluatorio del real y muchas dudas sobre su plan fiscal. El ministro de Hacienda,<strong>&nbsp;Fernando Haddad,<\/strong>&nbsp;enfrenta un proceso de desconfianza de los mercados, que se agrava por el fin del mandato del titular del Banco Central, el liberal&nbsp;<strong>Roberto Campos Neto&nbsp;<\/strong>(durante su gesti\u00f3n la entidad dej\u00f3 de ser un organismo dependiente del Estado para pasar a ser un ente aut\u00f3nomo) quien ser\u00e1 reemplazado por un economista m\u00e1s heterodoxo como&nbsp;<strong>Gabriel Gal\u00edpolo.<\/strong><\/p>\n\n\n\n<figure data-spectra-id=\"spectra-1cc8d723-1975-4810-a934-28b1055ac8f9\" class=\"wp-block-image\"><img decoding=\"async\" src=\"https:\/\/resizer.glanacion.com\/resizer\/v2\/fernando-haddad-y-lula-da-EFICS2SIMVBUZL4PFQFWF4EMEU.JPG?auth=8eb40873d97218b5570913599b5b12dd5aa780d1eac60c39ced9b32c87da308d&amp;width=420&amp;height=300&amp;quality=70&amp;smart=true\" alt=\"Fernando Haddad y Lula da Silva\" title=\"Una sorpresa para el \u00e1rbol de Navidad\" \/><figcaption>Fernando Haddad y Lula da SilvaSERGIO LIMA &#8211; AFP<\/figcaption><\/figure>\n\n\n\n<p class=\"wp-block-paragraph\">Seg\u00fan algunos analistas financieros, la Argentina tiene algunos anticuerpos para evitar un arrastre de la devaluaci\u00f3n de Brasil, como ocurri\u00f3 en 1999 y que hiri\u00f3 mortalmente la convertibilidad. El primero es el equilibrio fiscal, un objetivo que Milei promete mantener a pesar del a\u00f1o electoral. El segundo es el cepo cambiario, que en este tipo de circunstancias le quita volatilidad al mercado. En tercer lugar,&nbsp;<strong>la posibilidad cierta de llegar a un acuerdo con el FMI en marzo,<\/strong>&nbsp;lo que implicar\u00eda un desembolso que podr\u00eda estar entre los 10.000 y los 15.000 millones de d\u00f3lares.<\/p>\n\n\n\n<p class=\"wp-block-paragraph\">Las turbulencias en Brasil se suman a otros dos datos m\u00e1s que siguen muy atentamente en la Casa Rosada.&nbsp;<strong>Uno de ellos es el previsible freno en el ritmo de la baja de la tasa de inter\u00e9s en Estados Unidos<\/strong>&nbsp;como un intento por moderar la persistencia inflacionaria. El anuncio esta semana de la Reserva Federal de un recorte de un cuarto de punto, vino acompa\u00f1ada con la expectativa de que en 2025 habr\u00e1 una reversi\u00f3n de la tendencia. Este giro tendr\u00eda a revalorizar al d\u00f3lar y a debilitar a las monedas de pa\u00edses emergentes.&nbsp;<strong>El otro dato global es la ca\u00edda de los precios internacionales de&nbsp;<\/strong><em><strong>commodities&nbsp;<\/strong><\/em><strong>como la soja<\/strong>, que esta semana perfor\u00f3 el piso de los 350 d\u00f3lares la tonelada. En un contexto de repunte de expectativas por la producci\u00f3n agropecuaria local ese valor act\u00faa como un desincentivo y un anticipo de menores ingresos por exportaciones.<\/p>\n\n\n\n<figure data-spectra-id=\"spectra-328d4e73-cea5-4098-9061-79f54f48bf41\" class=\"wp-block-image\"><img decoding=\"async\" src=\"https:\/\/resizer.glanacion.com\/resizer\/v2\/el-presidente-de-la-fed-jerome-powell-durante-un-F3FWXOA5BRCXXGW7M5ZAJEG3EY.jpg?auth=62af2fc34b94f1c55792ce831ad3f15a476c50327327489ebcb28097944543c1&amp;width=420&amp;height=280&amp;quality=70&amp;smart=true\" alt=\"El presidente de la Fed, Jerome Powell, durante un evento de la C\u00e1mara Regional de Dallas en el Music Hall, en Fair Park el 14 de noviembre de 2024, en Dallas. (AP Foto\/LM Otero)\" title=\"Una sorpresa para el \u00e1rbol de Navidad\" \/><figcaption>El presidente de la Fed, Jerome Powell, durante un evento de la C\u00e1mara Regional de Dallas en el Music Hall, en Fair Park el 14 de noviembre de 2024, en Dallas. (AP Foto\/LM Otero)LM Otero &#8211; AP<\/figcaption><\/figure>\n\n\n\n<p class=\"wp-block-paragraph\">Sin embargo, el entusiasmo del Gobierno por los pron\u00f3sticos de recuperaci\u00f3n econ\u00f3mica es tan alto, que hay una tendencia a minimizar el impacto de las variables externas. Rige la convicci\u00f3n de que la disciplina fiscal es un ant\u00eddoto eficaz frente a esos desaf\u00edos y que el margen de reactivaci\u00f3n despu\u00e9s de la recesi\u00f3n es tan promisorio que igual habr\u00e1 un crecimiento sostenido en el camino hacia las urnas. De eso depende el futuro de Milei.<\/p>\n\n\n\n<h2 class=\"wp-block-heading\">Batido, no mezclado<\/h2>\n\n\n\n<p class=\"wp-block-paragraph\">Ese camino a las urnas no s\u00f3lo incide en algunas decisiones econ\u00f3micas, sino tambi\u00e9n clarifica definiciones pol\u00edticas con impacto electoral.&nbsp;<strong>La m\u00e1s importante est\u00e1 determinada por la decisi\u00f3n inequ\u00edvoca de mantener al oficialismo como una fuerza uniforme y aut\u00f3noma<\/strong>, sin acuerdos partidarios ni aspiraciones de alianzas de gobierno. Milei representa el regreso a la l\u00f3gica del verticalismo personalista, despu\u00e9s de los fallidos intentos coalicionistas de Cambiemos y Uni\u00f3n por la Patria.<\/p>\n\n\n\n<p class=\"wp-block-paragraph\">Los libertarios perciben que hay una identidad a preservar que es su raz\u00f3n de ser, y que puede ser impregnada por sociedades electorales que intoxiquen su esp\u00edritu o abran la puerta a futuras deslealtades.&nbsp;<mark>Mejor menos, pero propios, que muchos pero ajenos.&nbsp;<\/mark>As\u00ed se entiende la percepci\u00f3n generalizada de que un acuerdo estructural con Pro es cada vez menos probable. En todo caso habr\u00e1 concesiones en las listas, pero bajo los t\u00e9rminos de LLA.<\/p>\n\n\n\n<figure data-spectra-id=\"spectra-76e2538c-58ad-4c44-a05e-3224bc7c95f9\" class=\"wp-block-image\"><img decoding=\"async\" src=\"https:\/\/resizer.glanacion.com\/resizer\/v2\/cristian-ritondo-y-javier-KHAR7ANELJGJFFQF4PCWDQPQ6Y.JPG?auth=960617cc9f019c510ade54e82c96417f573a1d653f9c37db6819112ca3eacea0&amp;width=420&amp;height=280&amp;quality=70&amp;smart=true\" alt=\"Cristian Ritondo y Javier Milei\" title=\"Una sorpresa para el \u00e1rbol de Navidad\" \/><figcaption>Cristian Ritondo y Javier MileiIG<\/figcaption><\/figure>\n\n\n\n<p class=\"wp-block-paragraph\">En el laboratorio de la Casa Rosada despliegan los puentes hacia los aliados, cada vez con menos rigor en los estudios que determinan el nivel de \u201ccasta\u201d en sangre. Despu\u00e9s del cruce de&nbsp;<strong>Diego Kravetz<\/strong>, Milei corri\u00f3 con astucia al encuentro de&nbsp;<strong>Cristian Ritondo<\/strong>, impactado por una investigaci\u00f3n de sociedades&nbsp;<em>off shore<\/em>&nbsp;de su esposa. Ante el silencio absoluto de todo el Pro, el Presidente sali\u00f3 a defenderlo y a hablar de \u201c<mark>operaciones<\/mark>\u201d en su contra. El caso del jefe de los diputados tiene paralizado a su bloque y al partido, porque se trata de un caso testigo.&nbsp;<strong>Su resoluci\u00f3n ser\u00e1 clave en el \u00e1nimo de varios que se quieren dejar seducir por los cantos de sirena libertarios.<\/strong><\/p>\n\n\n\n<p class=\"wp-block-paragraph\">La decisi\u00f3n b\u00e1sica de mantenerse como una fuerza aut\u00f3noma conduce a&nbsp;<strong>un desaf\u00edo may\u00fasculo que implica dotar a La Libertad Avanza de un andamiaje y de una l\u00f3gica de la que hasta ahora carec\u00eda.&nbsp;<\/strong>La construcci\u00f3n del a\u00f1o pasado fue aluvional, generada por la confluencia de sellos partidarios provinciales y dirigentes marginales que encontraron una oportunidad de ascenso acelerado. Lo \u00fanico relevante era que Milei pudiera ser candidato.<\/p>\n\n\n\n<figure data-spectra-id=\"spectra-5740bdc8-772d-4c5e-9c73-e4a201671e85\" class=\"wp-block-image\"><img decoding=\"async\" src=\"https:\/\/resizer.glanacion.com\/resizer\/v2\/karina-milei-cerro-el-acto-partidario-de-lla-en-U7B2325YXRFMDI2COOPP73FIBM.jpeg?auth=0896c01f79d293fa6fbaeeac94159a7c9dd36b958361db95a3fa8115487cd6e2&amp;width=420&amp;height=315&amp;quality=70&amp;smart=true\" alt=\"Karina Milei cerr\u00f3 el acto partidario de LLA en la Capital\" title=\"Una sorpresa para el \u00e1rbol de Navidad\" \/><figcaption>Karina Milei cerr\u00f3 el acto partidario de LLA en la CapitalPrensa La Libertad Avan<\/figcaption><\/figure>\n\n\n\n<p class=\"wp-block-paragraph\"><strong>Para 2025 la arquitectura del partido va a requerir de otros cimientos<\/strong>. La cuesti\u00f3n formal est\u00e1 saldada por el trabajo de&nbsp;<strong>Karina Milei<\/strong>&nbsp;para lograr la personer\u00eda como partido nacional. Ahora es la etapa de la definici\u00f3n de los contornos de esa fuerza, para ver&nbsp;<mark>si puede haber una estructura que sostenga m\u00e1s firmemente al Presidente y evite las escenas de insolvencia intelectual<\/mark>&nbsp;que se repitieron este a\u00f1o en el Congreso.<\/p>\n\n\n\n<p class=\"wp-block-paragraph\">Hay un dato que entusiasma a los libertarios y es<strong>&nbsp;la instalaci\u00f3n de la marca La Libertad Avanza.&nbsp;<\/strong>En el \u00faltimo trabajo de Poliarqu\u00eda, el 48% dijo que votar\u00eda a los \u201ccandidatos que apoye Javier Milei\u201d. Para testear esta progresi\u00f3n desde la Casa Rosada hicieron un sondeo en la provincia de Buenos Aires preguntando por la candidatura de un imaginario<mark>&nbsp;\u201cRicardo P\u00e9rez de LLA\u201d y obtuvieron un 35% de apoyo<\/mark>&nbsp;(en los datos reales el que mejor mide all\u00ed es&nbsp;<strong>Jos\u00e9 Luis Espert<\/strong>). Es clave para una elecci\u00f3n provincializada como las legislativas de medio t\u00e9rmino que haya una transferencia de votos de la marca a los candidatos, porque Milei no estar\u00e1 en las boletas.<\/p>\n\n\n\n<figure data-spectra-id=\"spectra-b6aa548d-0e3e-40f9-a118-4d15618cd08e\" class=\"wp-block-image\"><img decoding=\"async\" src=\"https:\/\/resizer.glanacion.com\/resizer\/v2\/agustinrom-MRQIL6BDPFCJNBNEAUQQRWVN4Q.jpg?auth=5a68e1aeb81164e042b72ca8a101288552e7185fe664d5ec329392057b64cdad&amp;width=420&amp;height=315&amp;quality=70&amp;smart=true\" alt=\"Santiago Caputo, junto al &quot;Gordo Dan&quot;, Romo, Juan Pablo Carreira y Tom\u00e1s Jurado, en los camerinos del teatro\" title=\"Una sorpresa para el \u00e1rbol de Navidad\" \/><figcaption>Santiago Caputo, junto al &#8220;Gordo Dan&#8221;, Romo, Juan Pablo Carreira y Tom\u00e1s Jurado, en los camerinos del teatro<\/figcaption><\/figure>\n\n\n\n<p class=\"wp-block-paragraph\">En ese camino se evidencian distintos recorridos, por ahora paralelos, que deber\u00edan converger en alg\u00fan momento. Los s\u00edmbolos son&nbsp;<strong>Sebasti\u00e1n Pareja<\/strong>&nbsp;y el&nbsp;<strong>Gordo Dan<\/strong>. El primero es el armador bonaerense, que articula desde una l\u00f3gica de territorialidad m\u00e1s cl\u00e1sica y alberga a dirigentes de distintos&nbsp;<em>pedigree<\/em>. El segundo es el frontman de las Fuerzas del Cielo que reivindican la batalla cultural a trav\u00e9s de las redes sociales. Unos vienen de un recorrido heterog\u00e9neo y se referencian en Karina Milei; los otros, son m\u00e1s puros ideol\u00f3gicamente y siguen la gu\u00eda de Santiago Caputo. Unos vienen de hacer un acto cerrado a la prensa en el teatro Gran Rivadavia, donde la hermana dijo que estar\u00e1 \u201c<mark>donde lo necesite<\/mark>\u201d el Presidente. Los otros llenaron dos salas del Broadway con un espect\u00e1culo pago.&nbsp;<strong>Hay recelos entre ambos bandos porque se sienten diferentes entre s\u00ed, aunque saben que si se pelean p\u00fablicamente estar\u00e1n \u201cafuera\u201d.<\/strong><\/p>\n\n\n\n<p class=\"wp-block-paragraph\">Ser\u00e1 una tarea para Milei amalgamar esas dos construcciones que hoy lucen dis\u00edmiles. En definitiva,&nbsp;<strong>verificar si esas miradas pueden convivir o son inevitablemente dicot\u00f3micas.<\/strong>&nbsp;Es una prueba fundamental para que La Libertad Avanza tome un dise\u00f1o m\u00e1s elaborado y deje de ser un sello de acompa\u00f1amiento a su l\u00edder. Las disrupciones del Presidente sorprendieron este a\u00f1o y lo ayudaron a instalar nuevas l\u00f3gicas pol\u00edticas, pero la f\u00f3rmula deber\u00e1 ser renovada para continuar el camino de los pr\u00f3ximos tres a\u00f1os.&nbsp;<strong>El truco de la novedad no funciona eternamente.<\/strong><\/p>\n\n\n\n<figure data-spectra-id=\"spectra-a594386f-49d0-42af-bb32-713456288dbb\" class=\"wp-block-image\"><img decoding=\"async\" src=\"https:\/\/resizer.glanacion.com\/resizer\/v2\/patricia-bullrich-inauguro-una-nueva-carcel-7C4G3WMVWRD4TNTFCFJS2V3YSY.JPG?auth=80cc54f04aed5444a11c65ae626968eb9e9fc564c164693e361a57a966299f3f&amp;width=420&amp;height=280&amp;quality=70&amp;smart=true\" alt=\"Patricia Bullrich inaugur\u00f3 una nueva c\u00e1rcel federal en Santa Fe cerca de Coronda\" title=\"Una sorpresa para el \u00e1rbol de Navidad\" \/><figcaption>Patricia Bullrich inaugur\u00f3 una nueva c\u00e1rcel federal en Santa Fe cerca de CorondaMinisterio de Seguridad<\/figcaption><\/figure>\n\n\n\n<p class=\"wp-block-paragraph\">Como una c\u00e9lula complementaria aparece&nbsp;<strong>Patricia Bullrich<\/strong>, que se apoya en un armado liberal conocido como&nbsp;<strong>Apertura Republicana<\/strong>, integrada por varios amarillos. Esta semana se reunieron en Capit\u00e1n Sarmiento, donde hubo cr\u00edticas a la frase de&nbsp;<strong>Mauricio Macri<\/strong>&nbsp;en la que habl\u00f3 de Pro como un \u201c<mark>partido de la oposici\u00f3n<\/mark>\u201d. Si bien la ministra articula con los otros dos espacios,&nbsp;<strong>hay algunos ruidos, en particular con Karina Milei,&nbsp;<\/strong>quien escuch\u00f3 quejas de que en sus visitas oficiales Bullrich no prioriza a los libertarios como s\u00ed hace con los radicales. Su paso esta semana por Corrientes, donde estuvo con el gobernador&nbsp;<strong>Gustavo Vald\u00e9s<\/strong>, gener\u00f3 resquemores internos y la secretaria General de la Presidencia hizo llegar sus quejas. Conclusi\u00f3n: cuando el viernes Bullrich visit\u00f3 Santa Fe se aseguraron de que no participara el gobernador&nbsp;<strong>Maximiliano Pullaro<\/strong>, otro radical.<\/p>\n\n\n\n<p class=\"wp-block-paragraph\">Durante su primer a\u00f1o de gesti\u00f3n, Milei se ofreci\u00f3 como el instrumento elegido por la sociedad para castigar a los dirigentes que gobernaron antes.<strong>\u00a0Fue la respuesta a una demanda.\u00a0<\/strong>Si logra mantenerse en ese rol durante 2025, tendr\u00e1 un camino allanado porque el juego de las comparaciones sigue a su favor.\u00a0<strong>Si por el contrario, el eje de debate cambia y se transforma en pregunta sobre su gesti\u00f3n, significar\u00e1 que el pasado dej\u00f3 de ser una referencia\u00a0<\/strong>y que su desempe\u00f1o pas\u00f3 a ser plebiscitado. Ese momento no parece haber llegado, como si todav\u00eda hubiera tiempo en los argentinos para que el Gobierno sea identificado como una respuesta frente a las frustraciones de las \u00faltimas d\u00e9cadas.<\/p>\n\n\n\n<p class=\"wp-block-paragraph\">Por\u00a0<a href=\"https:\/\/www.lanacion.com.ar\/autor\/jorge-liotti-3011\/\"><strong>Jorge Liotti<\/strong><\/a><\/p>\n\n\n\n<p class=\"wp-block-paragraph\">Fuente:<a href=\"https:\/\/www.lanacion.com.ar\/\"> La Naci\u00f3n<\/a><\/p>","protected":false},"excerpt":{"rendered":"<p>Ca\u00eda la tarde del viernes y la Plaza de Mayo exhib\u00eda sus monumentos a los turistas errantes. Ya se hab\u00edan retirado las agrupaciones de izquierda que con su marcha buscaban mantener vivo el recuerdo de la tragedia de 2001 ante la indiferencia del entorno. Una minor\u00eda movilizada e ideologizada frente a una mayor\u00eda desconectada que [&hellip;]<\/p>\n","protected":false},"author":9,"featured_media":0,"comment_status":"open","ping_status":"open","sticky":false,"template":"","format":"standard","meta":{"site-sidebar-layout":"default","site-content-layout":"","ast-site-content-layout":"default","site-content-style":"default","site-sidebar-style":"default","ast-global-header-display":"","ast-banner-title-visibility":"","ast-main-header-display":"","ast-hfb-above-header-display":"","ast-hfb-below-header-display":"","ast-hfb-mobile-header-display":"","site-post-title":"","ast-breadcrumbs-content":"","ast-featured-img":"","footer-sml-layout":"","ast-disable-related-posts":"","theme-transparent-header-meta":"","adv-header-id-meta":"","stick-header-meta":"","header-above-stick-meta":"","header-main-stick-meta":"","header-below-stick-meta":"","astra-migrate-meta-layouts":"default","ast-page-background-enabled":"default","ast-page-background-meta":{"desktop":{"background-color":"","background-image":"","background-repeat":"repeat","background-position":"center center","background-size":"auto","background-attachment":"scroll","background-type":"","background-media":"","overlay-type":"","overlay-color":"","overlay-opacity":"","overlay-gradient":""},"tablet":{"background-color":"","background-image":"","background-repeat":"repeat","background-position":"center center","background-size":"auto","background-attachment":"scroll","background-type":"","background-media":"","overlay-type":"","overlay-color":"","overlay-opacity":"","overlay-gradient":""},"mobile":{"background-color":"","background-image":"","background-repeat":"repeat","background-position":"center center","background-size":"auto","background-attachment":"scroll","background-type":"","background-media":"","overlay-type":"","overlay-color":"","overlay-opacity":"","overlay-gradient":""}},"ast-content-background-meta":{"desktop":{"background-color":"var(--ast-global-color-5)","background-image":"","background-repeat":"repeat","background-position":"center center","background-size":"auto","background-attachment":"scroll","background-type":"","background-media":"","overlay-type":"","overlay-color":"","overlay-opacity":"","overlay-gradient":""},"tablet":{"background-color":"var(--ast-global-color-5)","background-image":"","background-repeat":"repeat","background-position":"center center","background-size":"auto","background-attachment":"scroll","background-type":"","background-media":"","overlay-type":"","overlay-color":"","overlay-opacity":"","overlay-gradient":""},"mobile":{"background-color":"var(--ast-global-color-5)","background-image":"","background-repeat":"repeat","background-position":"center center","background-size":"auto","background-attachment":"scroll","background-type":"","background-media":"","overlay-type":"","overlay-color":"","overlay-opacity":"","overlay-gradient":""}},"footnotes":""},"categories":[12],"tags":[],"class_list":["post-112494","post","type-post","status-publish","format-standard","hentry","category-opinion"],"spectra_blocks_featured_image_url":null,"spectra_blocks_author_info":{"display_name":"Jorge Alfredo Baret","avatar_url":"https:\/\/secure.gravatar.com\/avatar\/31696f5ca83439b642450ec7d3f82f98451a5efacb414343d5478c982b337f26?s=96&d=mm&r=g","author_link":"https:\/\/100xd.com.ar\/en\/author\/jorge\/","description":"Ingeniero Qu\u00edmico UTN - Director Apoderado de Comunicaciones Auditadas SA. Editor Responsable 100xd.com.ar."},"_links":{"self":[{"href":"https:\/\/100xd.com.ar\/en\/wp-json\/wp\/v2\/posts\/112494","targetHints":{"allow":["GET"]}}],"collection":[{"href":"https:\/\/100xd.com.ar\/en\/wp-json\/wp\/v2\/posts"}],"about":[{"href":"https:\/\/100xd.com.ar\/en\/wp-json\/wp\/v2\/types\/post"}],"author":[{"embeddable":true,"href":"https:\/\/100xd.com.ar\/en\/wp-json\/wp\/v2\/users\/9"}],"replies":[{"embeddable":true,"href":"https:\/\/100xd.com.ar\/en\/wp-json\/wp\/v2\/comments?post=112494"}],"version-history":[{"count":1,"href":"https:\/\/100xd.com.ar\/en\/wp-json\/wp\/v2\/posts\/112494\/revisions"}],"predecessor-version":[{"id":112496,"href":"https:\/\/100xd.com.ar\/en\/wp-json\/wp\/v2\/posts\/112494\/revisions\/112496"}],"wp:attachment":[{"href":"https:\/\/100xd.com.ar\/en\/wp-json\/wp\/v2\/media?parent=112494"}],"wp:term":[{"taxonomy":"category","embeddable":true,"href":"https:\/\/100xd.com.ar\/en\/wp-json\/wp\/v2\/categories?post=112494"},{"taxonomy":"post_tag","embeddable":true,"href":"https:\/\/100xd.com.ar\/en\/wp-json\/wp\/v2\/tags?post=112494"}],"curies":[{"name":"wp","href":"https:\/\/api.w.org\/{rel}","templated":true}]}}