{"id":111865,"date":"2024-12-10T11:19:58","date_gmt":"2024-12-10T14:19:58","guid":{"rendered":"https:\/\/100xd.com.ar\/?p=111865"},"modified":"2024-12-10T11:19:58","modified_gmt":"2024-12-10T14:19:58","slug":"municipio-de-junin-la-liga-agricola-ganadera-creada-un-4-de-diciembre-del-ano-1904-fue-la-primera-y-es-la-mas-antigua-del-pais","status":"publish","type":"post","link":"https:\/\/100xd.com.ar\/en\/municipio-de-junin-la-liga-agricola-ganadera-creada-un-4-de-diciembre-del-ano-1904-fue-la-primera-y-es-la-mas-antigua-del-pais\/","title":{"rendered":"Municipio de Jun\u00edn: La Liga Agr\u00edcola Ganadera, creada un 4 de diciembre del a\u00f1o 1904, fue la primera y es la m\u00e1s antigua del pa\u00eds"},"content":{"rendered":"<p class=\"wp-block-paragraph\">En el complejo \u201cGral. San Mart\u00edn\u201d se llev\u00f3 a cabo la gran cena por el cent\u00e9simo vig\u00e9simo aniversario de la Liga Agr\u00edcola Ganadera, con la presencia de diversas autoridades, cooperativistas, productores, entidades ruralistas y representantes de instituciones de la comunidad. El jefe del Gobierno de Jun\u00edn, Pablo Petrecca, destac\u00f3 el prestigio ganado por la instituci\u00f3n sobre la base del cooperativismo y convoc\u00f3 a profundizar el trabajo conjunto para abordar los nuevos desaf\u00edos.<\/p>\n\n\n\n<p class=\"wp-block-paragraph\">Desde la instituci\u00f3n agropecuaria destacaron la visi\u00f3n de futuro que tuvieron los 141 productores que se nuclearon un 4 de diciembre de 1904 para conformar esta cooperativa, la primera y m\u00e1s antigua a nivel nacional, y el gran trabajo de las distintas comisiones que se sucedieron en el tiempo en estos 120 a\u00f1os de vida. Adem\u00e1s, agradecieron al Gobierno de Jun\u00edn por el acompa\u00f1amiento y los espacios de di\u00e1logo permanente para hacer frente a las distintas vicisitudes que forman parte de la actividad.<\/p>\n\n\n\n<p class=\"wp-block-paragraph\">Al tomar la palabra frente los asistentes, Sergio Riva, actual presidente de la Liga Agr\u00edcola Ganadera Cooperativa Limitada, agradeci\u00f3 a todos por la presencia y manifest\u00f3: \u201cCelebramos los 120 a\u00f1os de nuestra instituci\u00f3n que es la m\u00e1s antigua en lo que respecta a cooperativas agropecuarias en todo el pa\u00eds, lo cual es un orgullo no solo para los productores rurales, sino tambi\u00e9n para todos los juninenses\u201d, y a\u00f1adi\u00f3: \u201cUn 4 de diciembre de 1904 se reunieron 141 productores agropecuarios y eligieron a 27 para conformar la primera comisi\u00f3n, y desde mi lugar agradezco a todas las personas que pasaron por esta instituci\u00f3n en estas 12 d\u00e9cadas de vida\u201d.<\/p>\n\n\n\n<p class=\"wp-block-paragraph\">\u201cAgradezco la presencia del Sr. Intendente Pablo Petrecca junto con secretarios y parte de su equipo de trabajo del Gobierno de Jun\u00edn, ya que siempre que nos acercamos hasta el Municipio para pedir alguna colaboraci\u00f3n o ayuda nunca me fui con las manos vac\u00edas\u201d, expres\u00f3 Riva y complet\u00f3: \u201cM\u00e1s all\u00e1 de que no siempre conseguimos todo lo que quisimos, siempre llegamos a buenos acuerdos y es para destacar esta buena articulaci\u00f3n\u201d.<\/p>\n\n\n\n<p class=\"wp-block-paragraph\">Seguidamente, la autoridad ruralista destac\u00f3 el trabajo con la Direcci\u00f3n de Deportes de la Municipalidad: \u201cFueron muy importantes para la organizaci\u00f3n de todas las actividades que realizamos en estos \u00faltimos meses para festejar los 120 a\u00f1os, tanto con la jornada de ajedrez, como tambi\u00e9n con el ciclismo en Agust\u00edn Roca y el pedestrismo en Morse\u201d.<\/p>\n\n\n\n<p class=\"wp-block-paragraph\">Adem\u00e1s, el productor tambi\u00e9n agradeci\u00f3 a la Asociaci\u00f3n de Cooperativas Argentinas (ACA) como entidad madre, como as\u00ed tambi\u00e9n a las dem\u00e1s cooperativas integrantes del centro regional N\u00b04 por su presencia y a los sponsors que acompa\u00f1aron el evento. Riva tambi\u00e9n destac\u00f3 el esfuerzo de todos los trabajadores que integran la cooperativa, como tambi\u00e9n a los j\u00f3venes que forman parte de La Liga e invit\u00f3 a que m\u00e1s productores se sumen.<\/p>\n\n\n\n<p class=\"wp-block-paragraph\">A su turno, el intendente municipal Pablo Petrecca agradeci\u00f3 a Riva y toda la comisi\u00f3n directiva por la invitaci\u00f3n y expuso en su discurso: \u201cEs un placer para m\u00ed poder compartir junto a ustedes esta jornada de celebraci\u00f3n por los 120 a\u00f1os de la Liga Agr\u00edcola, la cooperativa agropecuaria m\u00e1s antigua del pa\u00eds y que desde 1904 viene acompa\u00f1ando a todos los productores de Jun\u00edn, brind\u00e1ndoles seguridad, respaldo y una visi\u00f3n que combina tradici\u00f3n y modernidad\u201d. Posteriormente, resalt\u00f3 sobre la instituci\u00f3n su capacidad de adaptaci\u00f3n a los cambios, la tecnificaci\u00f3n y evoluci\u00f3n constante como reflejos del dinamismo del sector agropecuario.<\/p>\n\n\n\n<p class=\"wp-block-paragraph\">\u201cEste aniversario no solo celebra su historia, sino su importancia y su compromiso con el sector\u201d, dijo el intendente y agreg\u00f3: \u201cLos productores agropecuarios son el principal motor de desarrollo productivo de nuestra regi\u00f3n y del pa\u00eds, por lo que desde la gesti\u00f3n siempre buscamos acompa\u00f1arlos y trabajar en conjunto\u201d. Igualmente, consider\u00f3 que \u201cinstituciones como la Liga deben seguir siendo un faro que gu\u00ede a los productores en un entorno cada vez m\u00e1s complejo, y su capacidad para innovar y mantener los valores cooperativos ser\u00e1 clave para afrontar los desaf\u00edos que se vienen\u201d.<\/p>\n\n\n\n<p class=\"wp-block-paragraph\">\u201cLa historia de la Liga nos ense\u00f1a la importancia de construir un legado, donde cada acci\u00f3n, cada decisi\u00f3n y cada esfuerzo de quienes formaron parte de esta cooperativa han dejado una marca que hoy celebramos y que nos inspira\u201d, subray\u00f3 el jefe comunal y ampli\u00f3: \u201cEs fundamental en esto tambi\u00e9n el concepto de cooperativismo, con sus principios como la solidaridad y el trabajo mutuo que se sostuvieron a lo largo del tiempo y que permitieron que la instituci\u00f3n haya llegado a sus 120 a\u00f1os de vida\u201d.<\/p>\n\n\n\n<p class=\"wp-block-paragraph\">Asimismo, Petrecca recalc\u00f3 que \u201cdesde el Municipio vamos a continuar con el trabajo conjunto como lo venimos haciendo desde el 2015, sabemos que el sector est\u00e1 en constante evoluci\u00f3n y que la tecnificaci\u00f3n es esencial por lo que buscaremos ser aliados en este proceso, apoyando las iniciativas que potencien la producci\u00f3n y el desarrollo sostenible\u201d.<\/p>\n\n\n\n<p class=\"wp-block-paragraph\">Para finalizar, el alcalde reiter\u00f3 las felicitaciones a todos los que forman parte de la Liga Agr\u00edcola Ganadera y expres\u00f3: \u201cBrindemos por estos 120 a\u00f1os, por el futuro que construiremos juntos, y por la Liga Agr\u00edcola de Jun\u00edn que seguir\u00e1 siendo un pilar fundamental para nuestra ciudad y nuestra regi\u00f3n\u201d.<\/p>","protected":false},"excerpt":{"rendered":"<p>En el complejo \u201cGral. San Mart\u00edn\u201d se llev\u00f3 a cabo la gran cena por el cent\u00e9simo vig\u00e9simo aniversario de la Liga Agr\u00edcola Ganadera, con la presencia de diversas autoridades, cooperativistas, productores, entidades ruralistas y representantes de instituciones de la comunidad. El jefe del Gobierno de Jun\u00edn, Pablo Petrecca, destac\u00f3 el prestigio ganado por la instituci\u00f3n [&hellip;]<\/p>\n","protected":false},"author":9,"featured_media":0,"comment_status":"open","ping_status":"open","sticky":false,"template":"","format":"standard","meta":{"site-sidebar-layout":"default","site-content-layout":"","ast-site-content-layout":"default","site-content-style":"default","site-sidebar-style":"default","ast-global-header-display":"","ast-banner-title-visibility":"","ast-main-header-display":"","ast-hfb-above-header-display":"","ast-hfb-below-header-display":"","ast-hfb-mobile-header-display":"","site-post-title":"","ast-breadcrumbs-content":"","ast-featured-img":"","footer-sml-layout":"","ast-disable-related-posts":"","theme-transparent-header-meta":"","adv-header-id-meta":"","stick-header-meta":"","header-above-stick-meta":"","header-main-stick-meta":"","header-below-stick-meta":"","astra-migrate-meta-layouts":"default","ast-page-background-enabled":"default","ast-page-background-meta":{"desktop":{"background-color":"","background-image":"","background-repeat":"repeat","background-position":"center center","background-size":"auto","background-attachment":"scroll","background-type":"","background-media":"","overlay-type":"","overlay-color":"","overlay-opacity":"","overlay-gradient":""},"tablet":{"background-color":"","background-image":"","background-repeat":"repeat","background-position":"center center","background-size":"auto","background-attachment":"scroll","background-type":"","background-media":"","overlay-type":"","overlay-color":"","overlay-opacity":"","overlay-gradient":""},"mobile":{"background-color":"","background-image":"","background-repeat":"repeat","background-position":"center center","background-size":"auto","background-attachment":"scroll","background-type":"","background-media":"","overlay-type":"","overlay-color":"","overlay-opacity":"","overlay-gradient":""}},"ast-content-background-meta":{"desktop":{"background-color":"var(--ast-global-color-5)","background-image":"","background-repeat":"repeat","background-position":"center center","background-size":"auto","background-attachment":"scroll","background-type":"","background-media":"","overlay-type":"","overlay-color":"","overlay-opacity":"","overlay-gradient":""},"tablet":{"background-color":"var(--ast-global-color-5)","background-image":"","background-repeat":"repeat","background-position":"center center","background-size":"auto","background-attachment":"scroll","background-type":"","background-media":"","overlay-type":"","overlay-color":"","overlay-opacity":"","overlay-gradient":""},"mobile":{"background-color":"var(--ast-global-color-5)","background-image":"","background-repeat":"repeat","background-position":"center center","background-size":"auto","background-attachment":"scroll","background-type":"","background-media":"","overlay-type":"","overlay-color":"","overlay-opacity":"","overlay-gradient":""}},"footnotes":""},"categories":[5],"tags":[],"class_list":["post-111865","post","type-post","status-publish","format-standard","hentry","category-municipios"],"spectra_blocks_featured_image_url":null,"spectra_blocks_author_info":{"display_name":"Jorge Alfredo Baret","avatar_url":"https:\/\/secure.gravatar.com\/avatar\/31696f5ca83439b642450ec7d3f82f98451a5efacb414343d5478c982b337f26?s=96&d=mm&r=g","author_link":"https:\/\/100xd.com.ar\/en\/author\/jorge\/","description":"Ingeniero Qu\u00edmico UTN - Director Apoderado de Comunicaciones Auditadas SA. Editor Responsable 100xd.com.ar."},"_links":{"self":[{"href":"https:\/\/100xd.com.ar\/en\/wp-json\/wp\/v2\/posts\/111865","targetHints":{"allow":["GET"]}}],"collection":[{"href":"https:\/\/100xd.com.ar\/en\/wp-json\/wp\/v2\/posts"}],"about":[{"href":"https:\/\/100xd.com.ar\/en\/wp-json\/wp\/v2\/types\/post"}],"author":[{"embeddable":true,"href":"https:\/\/100xd.com.ar\/en\/wp-json\/wp\/v2\/users\/9"}],"replies":[{"embeddable":true,"href":"https:\/\/100xd.com.ar\/en\/wp-json\/wp\/v2\/comments?post=111865"}],"version-history":[{"count":1,"href":"https:\/\/100xd.com.ar\/en\/wp-json\/wp\/v2\/posts\/111865\/revisions"}],"predecessor-version":[{"id":111867,"href":"https:\/\/100xd.com.ar\/en\/wp-json\/wp\/v2\/posts\/111865\/revisions\/111867"}],"wp:attachment":[{"href":"https:\/\/100xd.com.ar\/en\/wp-json\/wp\/v2\/media?parent=111865"}],"wp:term":[{"taxonomy":"category","embeddable":true,"href":"https:\/\/100xd.com.ar\/en\/wp-json\/wp\/v2\/categories?post=111865"},{"taxonomy":"post_tag","embeddable":true,"href":"https:\/\/100xd.com.ar\/en\/wp-json\/wp\/v2\/tags?post=111865"}],"curies":[{"name":"wp","href":"https:\/\/api.w.org\/{rel}","templated":true}]}}