{"id":110421,"date":"2024-11-07T11:35:03","date_gmt":"2024-11-07T14:35:03","guid":{"rendered":"https:\/\/100xd.com.ar\/?p=110421"},"modified":"2024-11-07T11:35:03","modified_gmt":"2024-11-07T14:35:03","slug":"el-gobierno-planea-eliminar-el-procrear-y-vender-las-viviendas-que-estan-en-construccion","status":"publish","type":"post","link":"https:\/\/100xd.com.ar\/en\/el-gobierno-planea-eliminar-el-procrear-y-vender-las-viviendas-que-estan-en-construccion\/","title":{"rendered":"El Gobierno planea eliminar el Procrear y vender las viviendas que est\u00e1n en construcci\u00f3n"},"content":{"rendered":"<p class=\"wp-block-paragraph\">El<strong>&nbsp;gobierno nacional tiene en sus planes la eliminaci\u00f3n del Plan Procrear<\/strong>, que fue creado en 2012 por Cristina Kirchner para la construcci\u00f3n y otorgamiento de viviendas con cr\u00e9ditos del Estado. Las casas que est\u00e1n en obra ser\u00edan puestas a la venta, pero para avanzar con la iniciativa el oficialismo deber\u00e1&nbsp;<strong>dar de baja el fondo fiduciario<\/strong>&nbsp;que dio origen a ese programa.<a href=\"https:\/\/www.infobae.com\/politica\/2024\/11\/07\/un-gremialista-aeronautico-critico-a-sus-pares-y-aseguro-estan-obligando-al-gobierno-a-cerrar-aerolineas-argentinas\/\" target=\"_blank\" rel=\"noreferrer noopener\">Te puede interesar:<strong>Un gremialista aeron\u00e1utico critic\u00f3 a sus pares y asegur\u00f3: \u201cEst\u00e1n obligando al Gobierno a cerrar Aerol\u00edneas Argentinas\u201d<\/strong><\/a><\/p>\n\n\n\n<p class=\"wp-block-paragraph\">Si desaparece el Programa de Cr\u00e9dito Argentino del Bicentenario para la Vivienda \u00danica Familiar (Procrear), que actualmente depende del Ministerio de Econom\u00eda que encabeza Luis Caputo, y cuya coordinaci\u00f3n la realiza la secretar\u00eda de Desarrollo Territorial, H\u00e1bitat y Vivienda, que lidera Rodrigo Aybar,&nbsp;<strong>las 17.000 casas que a\u00fan no est\u00e9n finalizadas se subastar\u00edan<\/strong>.<\/p>\n\n\n\n<p class=\"wp-block-paragraph\"><strong>\u201cCada una de las obras en marcha todav\u00eda est\u00e1 siendo auditada. Se revisa una por una\u201d<\/strong>, indic\u00f3 a&nbsp;<strong>Infobae&nbsp;<\/strong>una fuente oficial. El Ejecutivo analiza, en algunos casos particulares,&nbsp;<strong>la cesi\u00f3n de las obras a las provincias o a algunos municipios<\/strong>&nbsp;para que se puedan terminar y entregar.<a href=\"https:\/\/www.infobae.com\/politica\/2024\/11\/07\/tras-el-cambio-de-nombre-el-gobierno-definio-los-objetivos-que-tendra-el-palacio-libertad-domingo-faustino-sarmiento\/\" target=\"_blank\" rel=\"noreferrer noopener\">Te puede interesar:<strong>Tras el cambio de nombre, el Gobierno defini\u00f3 los objetivos que tendr\u00e1 el Palacio Libertad Domingo Faustino Sarmiento<\/strong><\/a><\/p>\n\n\n\n<p class=\"wp-block-paragraph\">En el caso de los cr\u00e9ditos ya otorgados, se est\u00e1n revisando los \u00faltimos 2.500 que se suscribieron en noviembre de 2023, a un mes de la finalizaci\u00f3n del mandato de Alberto Fern\u00e1ndez. \u201cSe contact\u00f3 a cada uno de los beneficiarios y&nbsp;<strong>se les dio la oportunidad de cambiarlo por un cr\u00e9dito personal. El 70% ya acept\u00f3 la propuesta<\/strong>\u201d, aseguran en el Gobierno.<\/p>\n\n\n\n<figure data-spectra-id=\"spectra-626cbebb-5d41-4d0a-a881-161cef50e823\" class=\"wp-block-image\"><img decoding=\"async\" src=\"https:\/\/www.infobae.com\/resizer\/v2\/3Q6PN6TXIRH3VNQ4YUD244JGNQ.jpg?auth=9d1dc88eb354ff78dd03524ed8d00b756907e59789d1d3fb4eae8c007bc0cde8&amp;smart=true&amp;width=350&amp;height=197&amp;quality=85\" alt=\"3Q6PN6TXIRH3VNQ4YUD244JGNQ\" title=\"El Gobierno planea eliminar el Procrear y vender las viviendas que est\u00e1n en construcci\u00f3n\" \/><\/figure>\n\n\n\n<figure class=\"wp-block-embed\"><div class=\"wp-block-embed__wrapper\">\nhttps:\/\/8ce277085251451c8aef4d79b29d0dc2.safeframe.googlesyndication.com\/safeframe\/1-0-40\/html\/container.html\n<\/div><\/figure>\n\n\n\n<p class=\"wp-block-paragraph\">Hay 17.000 unidades que quedaron en construcci\u00f3n del Procrear, que tienen financiaci\u00f3n del Banco Hipotecario. Y tambi\u00e9n algunas del Fondo de Integraci\u00f3n Sociourbana (FISU). El 29 de octubre, por ejemplo, la ministra de Seguridad de la Naci\u00f3n,&nbsp;<strong>Patricia Bullrich<\/strong>, estuvo en el barrio de La Tablada, en los suburbios de Rosario, para la firma de un convenio con el intendente Pablo Javkin, en el que se anunci\u00f3 la financiaci\u00f3n del 90% de las obras de urbanizaci\u00f3n de ese complejo habitacional con un presupuesto de 7 mil millones de pesos. Lo hizo acompa\u00f1ando al subsecretario de Integraci\u00f3n Sociourbana (FISU),&nbsp;<strong>Sebasti\u00e1n Pareja<\/strong>.<a href=\"https:\/\/www.infobae.com\/politica\/2024\/11\/07\/el-gobierno-sumo-al-gabinete-a-un-ex-funcionario-macrista-que-fue-investigado-por-lavado-de-dinero\/\" target=\"_blank\" rel=\"noreferrer noopener\">Te puede interesar:<strong>El Gobierno sum\u00f3 al Gabinete a un ex funcionario macrista que fue investigado por lavado de dinero<\/strong><\/a><\/p>\n\n\n\n<p class=\"wp-block-paragraph\">En esa intenci\u00f3n de cederle la terminaci\u00f3n a las provincias y a las intendencias, se avanza lentamente. El gobernador&nbsp;<strong>Axel Kiciloff<\/strong>&nbsp;fue uno de los que decidi\u00f3 hacerse cargo de la terminaci\u00f3n y la entrega de viviendas del programa a las que les faltaba un bajo porcentaje de ejecuci\u00f3n. Tambi\u00e9n algunos distritos como Avellaneda, al sur del Conurbano bonaerense, donde hay 3.000 viviendas en marcha, decidieron asignar fondos propios y finalizarlas.<\/p>\n\n\n\n<p class=\"wp-block-paragraph\">El vocero presidencial&nbsp;<strong>Manuel Adorni&nbsp;<\/strong>anunci\u00f3 el mi\u00e9rcoles de esta semana el cierre del Fondo Fiduciario de Capital Social (FONCAP), que era el que se encargaba de dar microcr\u00e9ditos productivos a empresas. Y se propone, en su plan de reducir los gastos del Estado Nacional, a continuar con otros organismos fiduciarios. En ese sentido, ya se produjeron otros cierres como los del Fondo Nacional de Emergencias, el Fondo Fiduciario Progresar y el Fondo de Protecci\u00f3n Ambiental de los Bosques Nativos.<\/p>\n\n\n\n<p class=\"wp-block-paragraph\">Entre otras irregularidades, seg\u00fan se explic\u00f3 en esa resoluci\u00f3n, tras una auditor\u00eda de la SIGEN, se detectaron en el FONCAP \u201cdebilidades en los procesos de rendiciones de cuentas o registraci\u00f3n de informaci\u00f3n administrativa, contable y\/o financiera, ausencia de monitoreo y control\u201d.<\/p>\n\n\n\n<p class=\"wp-block-paragraph\">Lo que pretende implementar el gobierno nacional con respecto a los fondos de este tipo est\u00e1 contenido en el art\u00edculo 5 de la Ley Bases, mediante el que se habilita al Ejecutivo a \u201cmodificar, transformar, unificar, disolver o liquidar los fondos fiduciarios p\u00fablicos de conformidad con las siguientes reglas, y las que surjan de sus normas de creaci\u00f3n, instrumentos constitutivos u otra disposici\u00f3n aplicable\u201d. El control de esos fondos lo tiene Luis Caputo desde el ministerio de Econom\u00eda.<\/p>\n\n\n\n<p class=\"wp-block-paragraph\">Una de las primeras provincias en reaccionar ante las intenciones gubernamentales de terminar con el Procrear fue la de\u00a0<strong>Formosa<\/strong>. La Defensor\u00eda provincial ya la pidi\u00f3 a la secretar\u00eda de Desarrollo Territorial y H\u00e1bitat y tambi\u00e9n al ministro de Desregulaci\u00f3n y Transformaci\u00f3n del Estado, Federico Sturzenegger, que deje sin efecto la iniciativa.<\/p>\n\n\n\n<p class=\"wp-block-paragraph\">Fuente:<a href=\"https:\/\/www.infobae.com\/\"> Infobae.com<\/a><\/p>","protected":false},"excerpt":{"rendered":"<p>El&nbsp;gobierno nacional tiene en sus planes la eliminaci\u00f3n del Plan Procrear, que fue creado en 2012 por Cristina Kirchner para la construcci\u00f3n y otorgamiento de viviendas con cr\u00e9ditos del Estado. Las casas que est\u00e1n en obra ser\u00edan puestas a la venta, pero para avanzar con la iniciativa el oficialismo deber\u00e1&nbsp;dar de baja el fondo fiduciario&nbsp;que [&hellip;]<\/p>\n","protected":false},"author":9,"featured_media":0,"comment_status":"open","ping_status":"open","sticky":false,"template":"","format":"standard","meta":{"site-sidebar-layout":"default","site-content-layout":"","ast-site-content-layout":"default","site-content-style":"default","site-sidebar-style":"default","ast-global-header-display":"","ast-banner-title-visibility":"","ast-main-header-display":"","ast-hfb-above-header-display":"","ast-hfb-below-header-display":"","ast-hfb-mobile-header-display":"","site-post-title":"","ast-breadcrumbs-content":"","ast-featured-img":"","footer-sml-layout":"","ast-disable-related-posts":"","theme-transparent-header-meta":"","adv-header-id-meta":"","stick-header-meta":"","header-above-stick-meta":"","header-main-stick-meta":"","header-below-stick-meta":"","astra-migrate-meta-layouts":"default","ast-page-background-enabled":"default","ast-page-background-meta":{"desktop":{"background-color":"","background-image":"","background-repeat":"repeat","background-position":"center center","background-size":"auto","background-attachment":"scroll","background-type":"","background-media":"","overlay-type":"","overlay-color":"","overlay-opacity":"","overlay-gradient":""},"tablet":{"background-color":"","background-image":"","background-repeat":"repeat","background-position":"center center","background-size":"auto","background-attachment":"scroll","background-type":"","background-media":"","overlay-type":"","overlay-color":"","overlay-opacity":"","overlay-gradient":""},"mobile":{"background-color":"","background-image":"","background-repeat":"repeat","background-position":"center center","background-size":"auto","background-attachment":"scroll","background-type":"","background-media":"","overlay-type":"","overlay-color":"","overlay-opacity":"","overlay-gradient":""}},"ast-content-background-meta":{"desktop":{"background-color":"var(--ast-global-color-5)","background-image":"","background-repeat":"repeat","background-position":"center center","background-size":"auto","background-attachment":"scroll","background-type":"","background-media":"","overlay-type":"","overlay-color":"","overlay-opacity":"","overlay-gradient":""},"tablet":{"background-color":"var(--ast-global-color-5)","background-image":"","background-repeat":"repeat","background-position":"center center","background-size":"auto","background-attachment":"scroll","background-type":"","background-media":"","overlay-type":"","overlay-color":"","overlay-opacity":"","overlay-gradient":""},"mobile":{"background-color":"var(--ast-global-color-5)","background-image":"","background-repeat":"repeat","background-position":"center center","background-size":"auto","background-attachment":"scroll","background-type":"","background-media":"","overlay-type":"","overlay-color":"","overlay-opacity":"","overlay-gradient":""}},"footnotes":""},"categories":[2],"tags":[],"class_list":["post-110421","post","type-post","status-publish","format-standard","hentry","category-politica"],"spectra_blocks_featured_image_url":null,"spectra_blocks_author_info":{"display_name":"Jorge Alfredo Baret","avatar_url":"https:\/\/secure.gravatar.com\/avatar\/31696f5ca83439b642450ec7d3f82f98451a5efacb414343d5478c982b337f26?s=96&d=mm&r=g","author_link":"https:\/\/100xd.com.ar\/en\/author\/jorge\/","description":"Ingeniero Qu\u00edmico UTN - Director Apoderado de Comunicaciones Auditadas SA. Editor Responsable 100xd.com.ar."},"_links":{"self":[{"href":"https:\/\/100xd.com.ar\/en\/wp-json\/wp\/v2\/posts\/110421","targetHints":{"allow":["GET"]}}],"collection":[{"href":"https:\/\/100xd.com.ar\/en\/wp-json\/wp\/v2\/posts"}],"about":[{"href":"https:\/\/100xd.com.ar\/en\/wp-json\/wp\/v2\/types\/post"}],"author":[{"embeddable":true,"href":"https:\/\/100xd.com.ar\/en\/wp-json\/wp\/v2\/users\/9"}],"replies":[{"embeddable":true,"href":"https:\/\/100xd.com.ar\/en\/wp-json\/wp\/v2\/comments?post=110421"}],"version-history":[{"count":1,"href":"https:\/\/100xd.com.ar\/en\/wp-json\/wp\/v2\/posts\/110421\/revisions"}],"predecessor-version":[{"id":110423,"href":"https:\/\/100xd.com.ar\/en\/wp-json\/wp\/v2\/posts\/110421\/revisions\/110423"}],"wp:attachment":[{"href":"https:\/\/100xd.com.ar\/en\/wp-json\/wp\/v2\/media?parent=110421"}],"wp:term":[{"taxonomy":"category","embeddable":true,"href":"https:\/\/100xd.com.ar\/en\/wp-json\/wp\/v2\/categories?post=110421"},{"taxonomy":"post_tag","embeddable":true,"href":"https:\/\/100xd.com.ar\/en\/wp-json\/wp\/v2\/tags?post=110421"}],"curies":[{"name":"wp","href":"https:\/\/api.w.org\/{rel}","templated":true}]}}