{"id":105590,"date":"2024-08-05T13:14:53","date_gmt":"2024-08-05T16:14:53","guid":{"rendered":"https:\/\/100xd.com.ar\/?p=105590"},"modified":"2024-08-05T13:14:53","modified_gmt":"2024-08-05T16:14:53","slug":"mision-imposible-en-caracas-temor-agitacion-y-resistencia","status":"publish","type":"post","link":"https:\/\/100xd.com.ar\/en\/mision-imposible-en-caracas-temor-agitacion-y-resistencia\/","title":{"rendered":"Misi\u00f3n imposible en Caracas: temor, agitaci\u00f3n y resistencia"},"content":{"rendered":"<p class=\"wp-block-paragraph\">Los d\u00edas previos hab\u00edan sido muy dif\u00edciles, pero el martes a la noche la tensi\u00f3n escal\u00f3 al m\u00e1ximo y el temor se apoder\u00f3 de los negociadores argentinos que intentaban proteger a los seis opositores venezolanos que estaban refugiados en la embajada de Caracas. Se hab\u00eda diluido la hip\u00f3tesis m\u00e1s firme que hab\u00edan explorado hasta entonces para salvaguardarlos de las amenazas del r\u00e9gimen de&nbsp;<strong>Nicol\u00e1s Maduro<\/strong>&nbsp;y el ultim\u00e1tum que les hab\u00edan dado el lunes ya hab\u00eda consumido las primeras 24 horas. Las tratativas que ven\u00edan llevando con un par de pa\u00edses europeos se hab\u00edan terminado de evaporar porque no pod\u00edan garantizar un convoy de 15 autos blindados y con extrema seguridad para trasladarlos de sede diplom\u00e1tica. En la Canciller\u00eda hubo desaz\u00f3n: \u201c<mark>Los europeos no se jugaron. Hablan de derechos pero despu\u00e9s no act\u00faan en consecuencia<\/mark>\u201d. Consideraban que era la opci\u00f3n m\u00e1s segura, dada la fragilidad de la situaci\u00f3n en la embajada argentina, que hasta ayer segu\u00eda sin luz y abastecida con un grupo electr\u00f3geno, sin internet, con una m\u00ednima seguridad privada contratada por la Canciller\u00eda, y monitoreada f\u00e9rreamente por el gobierno de Caracas por un costado, y cercado por un acantilado por el otro.<strong>&nbsp;Antes de la elecci\u00f3n del domingo pasado hab\u00edan evaluado otras opciones, desde una huida clandestina<\/strong>&nbsp;(los controles eran m\u00e1s laxos que ahora)&nbsp;<strong>hasta algunos planes de salida que manej\u00f3 la Canciller\u00eda,&nbsp;<\/strong>que quedaron abortados por el temor a que los veh\u00edculos diplom\u00e1ticos argentinos fueran interceptados.&nbsp;<strong>Incluso el propio Lula Da Silva hab\u00eda hablado con Maduro sobre la posibilidad de poner a disposici\u00f3n un avi\u00f3n de la Fuerza A\u00e9rea brasile\u00f1a para sacarlos del pa\u00eds,<\/strong>&nbsp;pero el presidente venezolano no acept\u00f3.<\/p>\n\n\n\n<figure data-spectra-id=\"spectra-4a086dd8-2e24-4f27-8285-a616f2bc1fd9\" class=\"wp-block-image\"><img decoding=\"async\" src=\"https:\/\/resizer.glanacion.com\/resizer\/v2\/los-diplomaticos-argentinos-que-estaban-en-la-APKAA42FMVCRTNXWJQYVACLBH4.jfif?auth=9764b2d1bbe59f4c8af81def650e6df252ec6f20f96a2c39517546abc225112d&amp;width=420&amp;height=294&amp;quality=70&amp;smart=true\" alt=\"Los diplom\u00e1ticos argentinos que estaban en la embajada de Caracas al llegar a Ezeiza\" title=\"Misi\u00f3n imposible en Caracas: temor, agitaci\u00f3n y resistencia\" \/><figcaption>Los diplom\u00e1ticos argentinos que estaban en la embajada de Caracas al llegar a Ezeiza<\/figcaption><\/figure>\n\n\n\n<p class=\"wp-block-paragraph\">En la noche del martes el vicecanciller&nbsp;<strong>Leopoldo Sahores&nbsp;<\/strong>activ\u00f3 el plan B: pedirle al gobierno de Brasil que adem\u00e1s de hacerse cargo de la embajada, movimiento sobre el que ya ven\u00edan conversando, tambi\u00e9n velaran por los refugiados hasta que se pudiera encontrar una soluci\u00f3n definitiva para ellos. Si esa alternativa no prosperaba, los seis dirigentes de la l\u00edder opositora&nbsp;<strong>Corina Machado<\/strong>&nbsp;hubiesen quedado sin protecci\u00f3n en las fauces del le\u00f3n. Fue una noche larga y complicada. Se jugaba la suerte de los refugiados y tambi\u00e9n el sentido del gobierno de&nbsp;<strong>Javier Milei&nbsp;<\/strong>como principal oponente internacional a Maduro. El embajador en Buenos Aires&nbsp;<strong>Julio Bitelli&nbsp;<\/strong>hizo consultas con Brasilia, y desde all\u00ed hablaron con Caracas para obtener garant\u00edas de que no habr\u00eda amenazas para la integridad de los refugiados. El mi\u00e9rcoles transmitieron que estaba el ok para avanzar. El compromiso consisti\u00f3 en aceptar que permanezcan en la embajada en forma temporal, pero diplom\u00e1ticamente bajo responsabilidad argentina.&nbsp;<strong>De hecho la interlocuci\u00f3n con los asilados la sigue llevando Andr\u00e9s Mangiarotti, el encargado de Negocios que ayer regres\u00f3 al pa\u00eds.<\/strong>&nbsp;Tampoco hay personal brasile\u00f1o en la sede diplom\u00e1tica, s\u00f3lo responsables de limpieza y cocina, con lo cual la situaci\u00f3n sigue siendo de una extrema fragilidad porque la resoluci\u00f3n de fondo a\u00fan depende s\u00f3lo de la Argentina y Venezuela.<\/p>\n\n\n\n<p class=\"wp-block-paragraph\">El mi\u00e9rcoles, en medio de las tratativas, Milei comparti\u00f3 un mensaje que afirmaba que Lula,&nbsp;<strong>Gustavo Petro<\/strong>&nbsp;y&nbsp;<strong>Andr\u00e9s Manuel L\u00f3pez Obrador<\/strong>&nbsp;eran \u201cc\u00f3mplices\u201d del r\u00e9gimen de Maduro porque se abstuvieron de votar en la OEA una resoluci\u00f3n que buscaba condenar el fraude electoral en Venezuela. Otra vez samba. La diplomacia argentina debi\u00f3 moverse con rapidez para evitar que ese tuit detonara las fr\u00e1giles conversaciones. \u201c<mark>Agreg\u00f3 un par de horas de tensi\u00f3n, pero no descarril\u00f3 la conversaci\u00f3n<\/mark>\u201d, minimizaron en la diplomacia de Brasil.<\/p>\n\n\n\n<figure data-spectra-id=\"spectra-17f70cde-6d69-4b31-844f-5f44587a303c\" class=\"wp-block-image\"><img decoding=\"async\" src=\"https:\/\/resizer.glanacion.com\/resizer\/v2\/izan-la-bandera-de-brasil-en-la-residencia-de-la-IT364TOW5JADNNXN6P4ZYJX5TU.JPG?auth=40044be16c130f1ea02364fe6d9699bae22573a129c0448a498f492f8efb49c2&amp;width=420&amp;height=280&amp;quality=70&amp;smart=true\" alt=\"Izan la bandera de Brasil en la residencia de la embajada de Argentina en Caracas.\" title=\"Misi\u00f3n imposible en Caracas: temor, agitaci\u00f3n y resistencia\" \/><figcaption>Izan la bandera de Brasil en la residencia de la embajada de Argentina en Caracas.<\/figcaption><\/figure>\n\n\n\n<p class=\"wp-block-paragraph\">El viernes, cuando ya se hab\u00eda realizado el traspaso del control de la embajada a Brasil, otra vez se produjo una fuerte turbulencia a partir del texto de la canciller&nbsp;<strong>Diana Mondino<\/strong>&nbsp;que reconoc\u00eda el triunfo de&nbsp;<strong>Edmundo Gonz\u00e1lez Urrutia<\/strong>, el socio electoral de Machado. Una declaraci\u00f3n de guerra para Maduro; una sentencia para los refugiados.&nbsp;<strong>Sonaron absolutamente todas las alarmas en media hora. Brasil reaccion\u00f3 inmediatamente pidi\u00e9ndole a la Canciller\u00eda una aclaraci\u00f3n&nbsp;<\/strong>porque debilitaba su rol de contenci\u00f3n.&nbsp;<strong>A la Casa Rosada lleg\u00f3 tambi\u00e9n una advertencia muy severa directamente desde Caracas.&nbsp;<\/strong>Mondino habl\u00f3 con&nbsp;<strong>Santiago Caputo<\/strong>&nbsp;y se resolvi\u00f3 emitir un comunicado que relativizaba la postura y regresaba al argumento de \u201crechazar\u201d el resultado electoral sin dar por ganador a quien fue embajador venezolano en la Argentina entre 1999 y 2002. Igual el impacto internacional ya se hab\u00eda generado porque Gonz\u00e1lez Urrutia emiti\u00f3 un mensaje de agradecimiento a Mondino. \u201c<mark>Fue un error claramente, un apresuramiento. Diana reflej\u00f3 la postura del Gobierno, pero por ahora tenemos una limitaci\u00f3n para expresarla<\/mark>, que es la situaci\u00f3n de los asilados. Debemos esperar\u201d, dijeron cerca del presidente. Si bien la canciller acumula varios traspi\u00e9s p\u00fablicos, esta vez Milei no la apunt\u00f3 porque lo que dijo estaba en l\u00ednea con su pensamiento. \u201cLe falt\u00f3 la prudencia que la sensibilidad del momento requer\u00eda\u201d, la exculpan en su entorno.<\/p>\n\n\n\n<figure data-spectra-id=\"spectra-760849db-633a-48d6-ae29-eaa50a00767c\" class=\"wp-block-image\"><img decoding=\"async\" src=\"https:\/\/resizer.glanacion.com\/resizer\/v2\/luiz-inacio-lula-da-silva-y-joe-UF4FIGQNDJD7RO7FHBYKHF6V24.JPG?auth=d6cd6d335044fdf9617a3b2915dc682516515a69350904b6e452f7ce5f1a1589&amp;width=420&amp;height=280&amp;quality=70&amp;smart=true\" alt=\" Luiz Inacio Lula da Silva y Joe Biden\" title=\"Misi\u00f3n imposible en Caracas: temor, agitaci\u00f3n y resistencia\" \/><figcaption>Luiz Inacio Lula da Silva y Joe BidenSusan Walsh &#8211; AP<\/figcaption><\/figure>\n\n\n\n<p class=\"wp-block-paragraph\"><strong>Al mismo tiempo que la Canciller\u00eda jugaba la delicada partida de los refugiados, el futuro de Venezuela termin\u00f3 de torcerse.&nbsp;<\/strong>El mi\u00e9rcoles de las negociaciones fren\u00e9ticas, se produjo la conversaci\u00f3n que pareci\u00f3 definir el rumbo de la crisis.<strong>&nbsp;<\/strong>Ese d\u00eda Lula habl\u00f3 con&nbsp;<strong>Joe Biden<\/strong>&nbsp;para coordinar una postura frente al resultado electoral. S\u00f3lo Brasil y Estados Unidos estaban en condiciones de ejercer alg\u00fan tipo de presi\u00f3n para abrir un canal de resoluci\u00f3n con Maduro. Pero las expectativas se diluyeron cuando despu\u00e9s Lula sali\u00f3 con un mensaje ambiguo, en el que habl\u00f3 de que es \u201cnormal\u201d que haya diferentes interpretaciones de un resultado electoral, y al mismo reclam\u00f3 la difusi\u00f3n de las actas. Despu\u00e9s la Casa Blanca emiti\u00f3 un comunicado en el que habla de que \u201clos dos l\u00edderes coincidieron en la necesidad de que las autoridades electorales venezolanas publiquen de inmediato datos de votaci\u00f3n completos, transparentes y detallados de los centros de votaci\u00f3n\u201d. Al d\u00eda siguiente el secretario de Estado&nbsp;<strong>Antony Blinken<\/strong>&nbsp;reconoci\u00f3 el triunfo de Gonz\u00e1lez Urrutia. No hubo mucho m\u00e1s.<\/p>\n\n\n\n<p class=\"wp-block-paragraph\"><strong>En esta secuencia qued\u00f3 en claro la incomodidad que el tema Venezuela les genera a Lula y a Biden<\/strong>, y tambi\u00e9n la decisi\u00f3n estrat\u00e9gica de no avalar a Maduro, pero tampoco presionarlo. Un diplom\u00e1tico que trat\u00f3 estos d\u00edas con Itamaraty admite que \u201c<mark>hubo frustraci\u00f3n con el repliegue de Brasil. Maduro est\u00e1 desatado y eso desorient\u00f3 a Lula, que se asust\u00f3 con la dureza que demostr\u00f3<\/mark>&nbsp;y la inflexibilidad para dialogar cualquier alternativa. Temi\u00f3 un escenario m\u00e1s grave\u201d. Para el presidente brasile\u00f1o, al igual que para&nbsp;<strong>Cristina Kirchner<\/strong>, es altamente inconveniente quedar identificado en forma directa con un dictador que ha resuelto pasar a una fase m\u00e1s represiva, sobre todo despu\u00e9s de un fraude inocultable de gran magnitud que lo sorprendi\u00f3 (algunos admiten que en todo caso un \u201cpeque\u00f1o fraude\u201d hubiera sido m\u00e1s administrable). Lo desgasta como referente regional y al mismo tiempo lo expone en su disputa interna con&nbsp;<strong>Jair Bolsonaro<\/strong>.&nbsp;<strong>Es todo costo, a diferencia de lo que le ocurre a Milei, para quien la radicalizaci\u00f3n de Maduro funciona como un recordatorio de los riesgos que en el imaginario de su electorado entra\u00f1aba la continuidad del kirchnerismo.<\/strong>&nbsp;Lula s\u00f3lo se mantiene cauto por la expectativa de que su moderaci\u00f3n sirva para acciones puntuales, como la que le permiti\u00f3 a la Argentina negociar el caso de los refugiados. La ilusi\u00f3n de dejar un espacio para futuras negociaciones m\u00e1s profundas es hoy m\u00ednima.<\/p>\n\n\n\n<figure data-spectra-id=\"spectra-adf57b11-0ead-4bd6-be65-974cd219f9a4\" class=\"wp-block-image\"><img decoding=\"async\" src=\"https:\/\/resizer.glanacion.com\/resizer\/v2\/maria-corina-machado-en-la-marcha-MRURDC3PHBBY7OURTKF2MX44OI.JPEG?auth=f4f9ad321bf56c7369328c0c16c550d40ae847b5cc743f5088f31e80f51d4d71&amp;width=420&amp;height=315&amp;quality=70&amp;smart=true\" alt=\"Mar\u00eda Corina Machado en la marcha opositora.\" title=\"Misi\u00f3n imposible en Caracas: temor, agitaci\u00f3n y resistencia\" \/><figcaption>Mar\u00eda Corina Machado en la marcha opositora.Prensa Mar\u00eda Corina Machado<\/figcaption><\/figure>\n\n\n\n<p class=\"wp-block-paragraph\">\u201cCon Biden ocurre algo similar, porque su posici\u00f3n est\u00e1 marcada por intereses cruzados. Por eso adopt\u00f3 una posici\u00f3n a la brasile\u00f1a, de cautela estrat\u00e9gica\u201d, comenta&nbsp;<strong>Brian Winter,<\/strong>&nbsp;editor de la publicaci\u00f3n Americas Quarterly. Y despu\u00e9s precisa: \u201cLas pol\u00edticas duras del gobierno de Estados Unidos del pasado, como las restricciones comerciales o el reconocimiento de&nbsp;<strong>Juan Guaid\u00f3<\/strong>, no hab\u00edan dado resultado. Por eso el a\u00f1o pasado hab\u00edan decidido levantar las sanciones petroleras a cambio de un proceso electoral no fraudulento. Pero ahora se enfrentan con una situaci\u00f3n m\u00e1s compleja. Por un lado, si dejan a Maduro, se agravar\u00e1 la crisis migratoria en la regi\u00f3n, en un momento en el que en Estados Unidos transitamos un proceso electoral en el cual el tema de los inmigrantes ilegales figura al tope de la agenda p\u00fablica. Por el otro,&nbsp;<mark>la Casa Blanca no quiere dejar de tener acceso a las reservas petroleras de Venezuela para que Rusia y China ejerzan all\u00ed un monopolio compartido<\/mark>\u201d. Quiz\u00e1s por eso, a pesar de todo lo ocurrido, nadie en Washington habl\u00f3 en estos d\u00edas de reponer las sanciones petroleras. Los directivos de Chevron, agradecidos.<\/p>\n\n\n\n<p class=\"wp-block-paragraph\"><strong>La crisis de Venezuela exhibi\u00f3 la fractura de Am\u00e9rica latina y la imposibilidad de coordinar acciones ante casos evidentes de amenazas institucionales.<\/strong>&nbsp;La \u201c<mark>cl\u00e1usula democr\u00e1tica<\/mark>\u201d que impregn\u00f3 la constituci\u00f3n de los organismos regionales y que le dio densidad al proceso de transiciones posdictatoriales que se inici\u00f3 en los 80 qued\u00f3 amenazada gravemente. Cuba fue siempre la excepci\u00f3n; Nicaragua, una anomal\u00eda centroamericana; Venezuela es un traspi\u00e9 indisimulable. Al mismo tiempo, el r\u00e9gimen de Maduro plantea un nuevo ejemplo de las restricciones del sistema global frente a dictaduras dispuestas a imponer su orden a punta de fusil. El principio internacional de no intervenci\u00f3n en asuntos internos de otros estados se enfrenta as\u00ed a sus propias limitaciones. La presi\u00f3n externa no funciona con Caracas; y sin presi\u00f3n externa no hay posibilidad de resquebrajamiento interno. Se avecinan tiempos m\u00e1s duros.<\/p>\n\n\n\n<h2 class=\"wp-block-heading\">\u201cHola, presi\u201d<\/h2>\n\n\n\n<p class=\"wp-block-paragraph\">La preocupaci\u00f3n por Venezuela es uno de los t\u00f3picos que comparten Milei y&nbsp;<strong>Mauricio Macri.&nbsp;<\/strong>Fue una de las coincidencias en su larga charla del lunes en Olivos. Tambi\u00e9n lo fue el rumbo econ\u00f3mico adoptado por el gobierno libertario. Una se\u00f1al importante en un momento en el que diferentes actores del mundo privado empiezan a dudar sobre la eficacia de las medidas de&nbsp;<strong>Luis Caputo<\/strong>. El m\u00e1s sonoro fue&nbsp;<strong>Paolo Rocca<\/strong>, quien admiti\u00f3 que fue \u201c<mark>demasiado optimista\u201d en sus previsiones<\/mark>, una expresi\u00f3n que cay\u00f3 bastante mal en la Casa Rosada (\u201c<mark>es extra\u00f1o que diga eso, porque sus empresas est\u00e1n trabajando a pleno<\/mark>\u201d, retrucan). A pesar de ello,&nbsp;<strong>en el entorno presidencial tambi\u00e9n reconocen que si bien \u201chay sectores que est\u00e1n creciendo, la actividad no est\u00e1 dando vuelta con la velocidad que nos gustar\u00eda\u201d.&nbsp;<\/strong>El mismo diagn\u00f3stico emerge cuando se analizan los&nbsp;<em>focus groups<\/em>&nbsp;de los votantes de Milei. All\u00ed dominan las definiciones como \u201cen proceso\u201d, \u201ctransici\u00f3n\u201d, \u201cni mal ni bien\u201d, \u201ca veces parece que s\u00ed vamos a mejorar, y otras que no\u201d. La sensaci\u00f3n es que la moneda no termina de caer nunca. Reconocen la baja de la inflaci\u00f3n pero la medida del \u00e9xito se sintetiza en una frase: \u201c<mark>Llegar a fin de mes\u201d<\/mark>. Mantienen la esperanza, pero no pueden ocultar sus dudas.<\/p>\n\n\n\n<figure data-spectra-id=\"spectra-34884a50-a853-4e8d-a5e0-504ebc35226d\" class=\"wp-block-image\"><img decoding=\"async\" src=\"https:\/\/resizer.glanacion.com\/resizer\/v2\/mauricio-macri-en-la-convencion-del-SIAWPVFNA5DZTH7CLCMHF7TLJE.jpg?auth=02f1ee4db9664b29c3e63f38724626f4acf0223b11a2452d48657ab70bc297dc&amp;width=420&amp;height=280&amp;quality=70&amp;smart=true\" alt=\"Mauricio Macri en la convenci\u00f3n del Pro\" title=\"Misi\u00f3n imposible en Caracas: temor, agitaci\u00f3n y resistencia\" \/><figcaption>Mauricio Macri en la convenci\u00f3n del ProRodrigo N\u00e9spolo &#8211; LA NACION<\/figcaption><\/figure>\n\n\n\n<p class=\"wp-block-paragraph\"><strong>La reaparici\u00f3n de Macri en la escena p\u00fablica conlleva un mensaje central: hay un giro sustancial en la relaci\u00f3n con el Gobierno.<\/strong>&nbsp;\u201cAhora levantamos la guardia, pasamos a una fase de mayor diferenciaci\u00f3n\u201d, grafica uno de sus interlocutores. La conversaci\u00f3n en Olivos fue amable, pero dej\u00f3 en claro que Milei y el expresidente est\u00e1n en sinton\u00edas distintas y que las desconfianzas florecieron con fuerza. La idea de la reuni\u00f3n surgi\u00f3 cuando Macri estaba preparando el tono de su discurso y su equipo, en vistas del sentido cr\u00edtico que hab\u00eda adoptado, le sugiri\u00f3 adelantarle al presidente su contenido.&nbsp;<strong>Milei agradeci\u00f3 el gesto y orden\u00f3 a su tropa no salir a responderle.&nbsp;<\/strong>Con obediencia camporista, no hubo reproches en redes para el nuevo-viejo l\u00edder del Pro.&nbsp;<strong>Pero Milei tambi\u00e9n baj\u00f3 otro mensaje: \u201ctodo sigue igual\u201d.&nbsp;<\/strong>Traducido, no va a haber respuestas para las demandas de Macri.<\/p>\n\n\n\n<p class=\"wp-block-paragraph\">Una figura cercana al presidente lo explica en estos t\u00e9rminos: \u201cVamos a seguir trabajando juntos en el Congreso, y si podemos formaremos un interbloque; profundizaremos los v\u00ednculos con los gobernadores como&nbsp;<strong>(Rogelio) Frigerio, (Ignacio) Torres<\/strong>, incluso con&nbsp;<strong>Jorge Macri<\/strong>, coordinaremos lo de la AGN y la bicameral de Inteligencia. Nada de lo que pas\u00f3 altera los acontecimientos\u201d.&nbsp;<strong>El mensaje parecer\u00eda ser: \u201cNo necesitamos a Mauricio, s\u00f3lo nos interesa el Pro\u201d.&nbsp;<\/strong>Y tienen un dato para refrendar su estrategia, ya que seg\u00fan algunas encuestas,&nbsp;<strong>el Pro separado de los libertarios hoy cosecha s\u00f3lo un 7% de adhesiones; el resto de sus votantes est\u00e1n superpuestos con los de La Libertad Avanza<\/strong>. Para ellos, \u201cla fusi\u00f3n ya se produjo, y la hizo la gente\u201d. La tesis&nbsp;<strong>Patricia Bullrich.<\/strong><\/p>\n\n\n\n<figure data-spectra-id=\"spectra-eff04e81-b65d-4769-a786-5580ef03f949\" class=\"wp-block-image\"><img decoding=\"async\" src=\"https:\/\/resizer.glanacion.com\/resizer\/v2\/karina-milei-y-rogelio-E7Z36HFXVBGXTAYLHWDJ36BUEE.png?auth=fe14aed2bcef1d958c52329f6badcb0adf6995584e613863bef53676a93a57b3&amp;width=420&amp;height=280&amp;quality=70&amp;smart=true\" alt=\"Karina Milei y Rogelio Frigerio\" title=\"Misi\u00f3n imposible en Caracas: temor, agitaci\u00f3n y resistencia\" \/><figcaption>Karina Milei y Rogelio Frigerio<\/figcaption><\/figure>\n\n\n\n<p class=\"wp-block-paragraph\">Por ese motivo en la Casa Rosada est\u00e1n pensando en una estrategia provincia por provincia, donde haya alianzas en algunos distritos (de eso habl\u00f3&nbsp;<strong>Karina Milei<\/strong>&nbsp;con Frigerio el jueves) y \u201ccompetencia acordada\u201d en otros, por ejemplo en la ciudad de Buenos Aires. \u201cSer\u00eda una manera de quedarnos con las tres bancas a senador. Adem\u00e1s, ellos est\u00e1n midiendo 16 puntos y nosotros 34\u2033, azuzan, mientras en el Pro leen que se est\u00e1n queriendo quedar con su basti\u00f3n hist\u00f3rico. En definitiva,&nbsp;<mark>el enfoque es pragm\u00e1tico y electoral. No hay ninguna intenci\u00f3n de atender las cr\u00edticas a la gesti\u00f3n que hizo Macri,<\/mark>&nbsp;porque argumentan que la mayor\u00eda de los ministros y unos 200 funcionarios son de extracci\u00f3n Pro. \u201cAhora si lo que quieren es Transporte para&nbsp;<strong>(Guillermo) Dietrich<\/strong>, Vialidad para&nbsp;<strong>(Javier) Iguacel,<\/strong>&nbsp;la AFIP para&nbsp;<strong>(Leandro) Cuccioli&nbsp;<\/strong>y Justicia para&nbsp;<strong>(Germ\u00e1n) Garavano<\/strong>,&nbsp;<strong>eso no es una b\u00fasqueda de confluencia pol\u00edtica, sino una b\u00fasqueda de poder y negocios<\/strong>\u201d, sostienen cerca del Presidente.<\/p>\n\n\n\n<figure data-spectra-id=\"spectra-5e5f3638-c8fa-4cf4-9f50-6db8cc2d36be\" class=\"wp-block-image\"><img decoding=\"async\" src=\"https:\/\/resizer.glanacion.com\/resizer\/v2\/santiago-caputo-llega-a-casa-de-JMTT2WQZ5JDWDCX2BAPJZRRZ44.jpeg?auth=ba645e2becd41efa204ea7ecacfb67ccc07f0df2be79a96a6e9c7c688819297a&amp;width=420&amp;height=280&amp;quality=70&amp;smart=true\" alt=\"Santiago Caputo llega a Casa de Gobierno\" title=\"Misi\u00f3n imposible en Caracas: temor, agitaci\u00f3n y resistencia\" \/><figcaption>Santiago Caputo llega a Casa de GobiernoMariano Blanc<\/figcaption><\/figure>\n\n\n\n<p class=\"wp-block-paragraph\">Del otro lado, la mirada contiene similares dosis de desconfianza. Macri entiende que&nbsp;<strong>Santiago Caputo<\/strong>&nbsp;hered\u00f3 el rol de&nbsp;<strong>Nicol\u00e1s Posse&nbsp;<\/strong>como obst\u00e1culo de la integraci\u00f3n. Habl\u00f3 con \u00e9l muy fluidamente entre enero y febrero con la intenci\u00f3n de amalgamar un frente entre los dos partidos (lo que traducido en el lenguaje libertario significaba \u201cun segundo tiempo de Mauricio\u201d), pero despu\u00e9s se frustr\u00f3. \u201cNos dec\u00edan que no era conveniente en ese momento, por si las cosas iban mal y se requer\u00eda una r\u00e1pida reformulaci\u00f3n y cogobierno\u201d, recuerdan en el Pro. Mantuvieron contactos hasta hace un mes y medio, cuando cancelaron una reuni\u00f3n que ten\u00edan prevista producto de los mensajes cr\u00edticos de ambos bandos. El expresidente est\u00e1 convencido de que Caputo (que el viernes a la tarde recibi\u00f3 con el viceministro de Justicia,&nbsp;<strong>Sebasti\u00e1n Amerio<\/strong>, al candidato para la Corte&nbsp;<strong>Manuel Garc\u00eda-Mansilla<\/strong>, muestra de por d\u00f3nde pasan hoy las decisiones judiciales) es quien influye sobre Milei para que tenga un doble discurso. \u201c<mark>Me dice \u00b4hola presi\u2019, pero despu\u00e9s me boludea<\/mark>\u201d, se quej\u00f3 varias veces. \u201cHay un problema de&nbsp;<em>delivery<\/em>, porque lo que hablan despu\u00e9s no le cumplen\u201d, refrenda un mandatario cercano. El mensaje de Bullrich complic\u00f3 m\u00e1s las cosas porque directamente habl\u00f3 de absorci\u00f3n del Pro, una agresi\u00f3n para Macri. Dicen que Caputo le pidi\u00f3 dos veces que no lleve al Gobierno su interna partidaria, pero no tuvo eco.<\/p>\n\n\n\n<figure data-spectra-id=\"spectra-dea4d531-69d6-4454-8df9-96ec4fb2d38f\" class=\"wp-block-image\"><img decoding=\"async\" src=\"https:\/\/resizer.glanacion.com\/resizer\/v2\/18-03-24-javier-y-karina-milei-llegan-a-un-acto-PJ4QW6AG35BLZI2DAYSGP6EFZ4.JPG?auth=8a94d9580678b87ed8b90ace77fa1a077d78fc123589ff19552f7748e578a7d4&amp;width=420&amp;height=280&amp;quality=70&amp;smart=true\" alt=\"18 03 24Javier y Karina milei llegan a un acto en la ex embajada de israelVictoria Villarruel;  Sandra Pettovello; Jorge Macri\" title=\"Misi\u00f3n imposible en Caracas: temor, agitaci\u00f3n y resistencia\" \/><figcaption>18 03 24 Javier y Karina milei llegan a un acto en la ex embajada de israel Victoria Villarruel; Sandra Pettovello; Jorge MacriTom\u00e1s Cuesta<\/figcaption><\/figure>\n\n\n\n<p class=\"wp-block-paragraph\"><strong>Con Karina la tensi\u00f3n es menor que con Caputo. Simplemente no sintonizaron.<\/strong>&nbsp;A Macri parece haberle molestado que las pocas veces que tuvo ocasi\u00f3n de cruzarse con ella, estaba acompa\u00f1ada por otras personas, que no se preocup\u00f3 en generar las condiciones para un di\u00e1logo genuino.&nbsp;<mark>La sensaci\u00f3n que le qued\u00f3 a \u00e9l es que a ella no le interesaba profundizar.&nbsp;<\/mark>Igualmente no la critic\u00f3, s\u00f3lo se lament\u00f3. Sabe que cortar el lazo con ella es el camino que conduce al precipicio de su v\u00ednculo con Milei. Todo lo contrario ocurri\u00f3 con&nbsp;<strong>Sandra Pettovello<\/strong>, quien la semana pasada se volvi\u00f3 a reunir con \u00e9l en una oficina c\u00e9ntrica en la convicci\u00f3n de que \u201cno hay que pelearse porque necesitamos unir esfuerzos\u201d. Comparten un enemigo en com\u00fan. La ministra tambi\u00e9n est\u00e1 convencida de que Caputo le hace operaciones para desfondarla y que su vertiginosa acumulaci\u00f3n de poder afecta la din\u00e1mica del gabinete. \u201c<mark>Son varios los funcionarios con la misma mirada, pero pocos tienen la llegada al o\u00eddo de Javier como ella<\/mark>\u201d, comentan en su entorno. El mensaje tambi\u00e9n lleg\u00f3 al o\u00eddo de Karina.<\/p>\n\n\n\n<p class=\"wp-block-paragraph\">Hay un clima que se volvi\u00f3 m\u00e1s denso dentro del equipo de gobierno. Las internas se profundizaron y hay ministros que est\u00e1n desgastados. Milei aparece alejado de estas cuestiones. Por eso en su charla del lunes Macri le dijo: \u201c<mark>Javier, no es lo mismo delegar la gesti\u00f3n que desentenderse<\/mark>\u201d. \u201c<mark>S\u00ed presi, ten\u00e9s raz\u00f3n<\/mark>\u201d, le respondi\u00f3 el libertario. \u201cTe dije, me boludea\u201d, decodific\u00f3 el ingeniero. As\u00ed es dif\u00edcil.<\/p>\n\n\n\n<p class=\"wp-block-paragraph\"><a href=\"https:\/\/www.lanacion.com.ar\/autor\/jorge-liotti-3011\/\">Jorge Liotti<\/a><\/p>\n\n\n\n<p class=\"wp-block-paragraph\">Fuente:<a href=\"https:\/\/www.lanacion.com.ar\/\"> La Naci\u00f3n<\/a><\/p>","protected":false},"excerpt":{"rendered":"<p>Los d\u00edas previos hab\u00edan sido muy dif\u00edciles, pero el martes a la noche la tensi\u00f3n escal\u00f3 al m\u00e1ximo y el temor se apoder\u00f3 de los negociadores argentinos que intentaban proteger a los seis opositores venezolanos que estaban refugiados en la embajada de Caracas. Se hab\u00eda diluido la hip\u00f3tesis m\u00e1s firme que hab\u00edan explorado hasta entonces [&hellip;]<\/p>\n","protected":false},"author":9,"featured_media":0,"comment_status":"open","ping_status":"open","sticky":false,"template":"","format":"standard","meta":{"site-sidebar-layout":"default","site-content-layout":"","ast-site-content-layout":"default","site-content-style":"default","site-sidebar-style":"default","ast-global-header-display":"","ast-banner-title-visibility":"","ast-main-header-display":"","ast-hfb-above-header-display":"","ast-hfb-below-header-display":"","ast-hfb-mobile-header-display":"","site-post-title":"","ast-breadcrumbs-content":"","ast-featured-img":"","footer-sml-layout":"","ast-disable-related-posts":"","theme-transparent-header-meta":"","adv-header-id-meta":"","stick-header-meta":"","header-above-stick-meta":"","header-main-stick-meta":"","header-below-stick-meta":"","astra-migrate-meta-layouts":"default","ast-page-background-enabled":"default","ast-page-background-meta":{"desktop":{"background-color":"","background-image":"","background-repeat":"repeat","background-position":"center center","background-size":"auto","background-attachment":"scroll","background-type":"","background-media":"","overlay-type":"","overlay-color":"","overlay-opacity":"","overlay-gradient":""},"tablet":{"background-color":"","background-image":"","background-repeat":"repeat","background-position":"center center","background-size":"auto","background-attachment":"scroll","background-type":"","background-media":"","overlay-type":"","overlay-color":"","overlay-opacity":"","overlay-gradient":""},"mobile":{"background-color":"","background-image":"","background-repeat":"repeat","background-position":"center center","background-size":"auto","background-attachment":"scroll","background-type":"","background-media":"","overlay-type":"","overlay-color":"","overlay-opacity":"","overlay-gradient":""}},"ast-content-background-meta":{"desktop":{"background-color":"var(--ast-global-color-5)","background-image":"","background-repeat":"repeat","background-position":"center center","background-size":"auto","background-attachment":"scroll","background-type":"","background-media":"","overlay-type":"","overlay-color":"","overlay-opacity":"","overlay-gradient":""},"tablet":{"background-color":"var(--ast-global-color-5)","background-image":"","background-repeat":"repeat","background-position":"center center","background-size":"auto","background-attachment":"scroll","background-type":"","background-media":"","overlay-type":"","overlay-color":"","overlay-opacity":"","overlay-gradient":""},"mobile":{"background-color":"var(--ast-global-color-5)","background-image":"","background-repeat":"repeat","background-position":"center center","background-size":"auto","background-attachment":"scroll","background-type":"","background-media":"","overlay-type":"","overlay-color":"","overlay-opacity":"","overlay-gradient":""}},"footnotes":""},"categories":[12],"tags":[],"class_list":["post-105590","post","type-post","status-publish","format-standard","hentry","category-opinion"],"spectra_blocks_featured_image_url":null,"spectra_blocks_author_info":{"display_name":"Jorge Alfredo Baret","avatar_url":"https:\/\/secure.gravatar.com\/avatar\/31696f5ca83439b642450ec7d3f82f98451a5efacb414343d5478c982b337f26?s=96&d=mm&r=g","author_link":"https:\/\/100xd.com.ar\/en\/author\/jorge\/","description":"Ingeniero Qu\u00edmico UTN - Director Apoderado de Comunicaciones Auditadas SA. Editor Responsable 100xd.com.ar."},"_links":{"self":[{"href":"https:\/\/100xd.com.ar\/en\/wp-json\/wp\/v2\/posts\/105590","targetHints":{"allow":["GET"]}}],"collection":[{"href":"https:\/\/100xd.com.ar\/en\/wp-json\/wp\/v2\/posts"}],"about":[{"href":"https:\/\/100xd.com.ar\/en\/wp-json\/wp\/v2\/types\/post"}],"author":[{"embeddable":true,"href":"https:\/\/100xd.com.ar\/en\/wp-json\/wp\/v2\/users\/9"}],"replies":[{"embeddable":true,"href":"https:\/\/100xd.com.ar\/en\/wp-json\/wp\/v2\/comments?post=105590"}],"version-history":[{"count":1,"href":"https:\/\/100xd.com.ar\/en\/wp-json\/wp\/v2\/posts\/105590\/revisions"}],"predecessor-version":[{"id":105592,"href":"https:\/\/100xd.com.ar\/en\/wp-json\/wp\/v2\/posts\/105590\/revisions\/105592"}],"wp:attachment":[{"href":"https:\/\/100xd.com.ar\/en\/wp-json\/wp\/v2\/media?parent=105590"}],"wp:term":[{"taxonomy":"category","embeddable":true,"href":"https:\/\/100xd.com.ar\/en\/wp-json\/wp\/v2\/categories?post=105590"},{"taxonomy":"post_tag","embeddable":true,"href":"https:\/\/100xd.com.ar\/en\/wp-json\/wp\/v2\/tags?post=105590"}],"curies":[{"name":"wp","href":"https:\/\/api.w.org\/{rel}","templated":true}]}}