{"id":104415,"date":"2024-07-14T11:57:38","date_gmt":"2024-07-14T14:57:38","guid":{"rendered":"https:\/\/100xd.com.ar\/?p=104415"},"modified":"2024-07-14T11:57:38","modified_gmt":"2024-07-14T14:57:38","slug":"tensiones-por-la-comision-bicameral-de-inteligencia-denuncias-apuros-y-traiciones-que-dejaron-al-oficialismo-ante-un-dilema","status":"publish","type":"post","link":"https:\/\/100xd.com.ar\/en\/tensiones-por-la-comision-bicameral-de-inteligencia-denuncias-apuros-y-traiciones-que-dejaron-al-oficialismo-ante-un-dilema\/","title":{"rendered":"Tensiones por la Comisi\u00f3n Bicameral de Inteligencia: denuncias, apuros y traiciones que dejaron al oficialismo ante un dilema"},"content":{"rendered":"<p class=\"wp-block-paragraph\">La plana mayor de los diputados de Hacemos Coalici\u00f3n Federal, encabezada por<strong>&nbsp;Miguel Pichetto<\/strong>, se retir\u00f3 anoche del despacho del presidente del cuerpo,<strong>&nbsp;Mart\u00edn Menem<\/strong>, mascullando bronca. El riojano, sin aviso previo, hab\u00eda dejado afuera a&nbsp;<strong>Emilio Monz\u00f3<\/strong>, un hombre de su bancada, quien iba a representar a un conglomerado de 31 legisladores en la estrat\u00e9gica&nbsp;<strong>Comisi\u00f3n Bicameral de Fiscalizaci\u00f3n de los Organismos y Actividades de Inteligencia<\/strong>. Menem hab\u00eda decidido colocar en su lugar a un representante libertario -el diputado&nbsp;<strong>C\u00e9sar Treffinger<\/strong>&#8211; con el objetivo de asegurar el control de ese cuerpo estrat\u00e9gico, que la semana pasada empez\u00f3 a recibir denuncias sobre la actuaci\u00f3n de las fuerzas de seguridad a cargo de la ministra del \u00e1rea,&nbsp;<strong>Patricia Bullrich<\/strong>.<\/p>\n\n\n\n<p class=\"wp-block-paragraph\"><mark>Hace siete meses que est\u00e1 pendiente la conformaci\u00f3n definitiva de esta comisi\u00f3n bicameral, uno de los cuerpos de control m\u00e1s importantes que tiene el Congreso<\/mark>. Est\u00e1 integrada por 14 miembros, siete por cada c\u00e1mara. El lunes \u00faltimo, previo al feriado del 9 de julio<strong>, lleg\u00f3 desde la Casa Rosada un pedido urgente<\/strong>&nbsp;a los presidentes de ambas c\u00e1maras, Menem y&nbsp;<strong>Victoria Villarruel<\/strong>, para que la comisi\u00f3n se constituyese cuanto antes con los ocho miembros que hab\u00edan sido designados por La Libertad Avanza, Pro y el radicalismo. Uni\u00f3n por la Patria a\u00fan no hab\u00eda nombrado a sus seis representantes, por lo que el oficialismo quiso aprovechar este retardo para apurar el nombramiento de las autoridades, con un representante de Pro como presidente.<\/p>\n\n\n\n<figure data-spectra-id=\"spectra-5941eb6b-da85-4dd3-ac93-64f9e41d9f6a\" class=\"wp-block-image\"><img decoding=\"async\" src=\"https:\/\/resizer.glanacion.com\/resizer\/v2\/votacion-en-diputados-de-la-ley-bases-YNBA6WX4XZEXDJ6FEFD452APFY.JPG?auth=748fe9ee3bf5315abd00fd3c065a8a2bfed81cfcf8234e07b7ec6f35aab0f5e2&amp;width=420&amp;height=280&amp;quality=70&amp;smart=true\" alt=\"Votacion en Diputados de la Ley Bases. Pichetto\" title=\"Tensiones por la Comisi\u00f3n Bicameral de Inteligencia: denuncias, apuros y traiciones que dejaron al oficialismo ante un dilema\" \/><figcaption>Votacion en Diputados de la Ley Bases. PichettoLA NACION\/Rodrigo N\u00e9spolo<\/figcaption><\/figure>\n\n\n\n<p class=\"wp-block-paragraph\"><mark>El objetivo del oficialismo era claro: tomar las riendas de la comisi\u00f3n y evitar que se active la investigaci\u00f3n sobre presuntos interrogatorios ilegales por parte de las fuerzas de seguridad federales a los detenidos por las protestas que tuvieron lugar frente al Congreso por la Ley Bases<\/mark>. Dos mujeres se presentaron ante la comisi\u00f3n bicameral la semana pasada y dieron cuenta, con su testimonio, de estos apremios:&nbsp;<strong>ambas relataron que fueron sometidas de manera sistem\u00e1tica a interrogatorios sobre sus filiaciones pol\u00edtico partidarias<\/strong>, lo cual est\u00e1 prohibido por la ley de inteligencia.<\/p>\n\n\n\n<p class=\"wp-block-paragraph\">El diputado kirchnerista&nbsp;<strong>Leopoldo Moreau<\/strong>, quien ejerce todav\u00eda la presidencia de la comisi\u00f3n bicameral ante el retraso de Menem y Villarruel en constituirla,&nbsp;<mark>recibi\u00f3 a ambas mujeres y declar\u00f3 admisibles sus denuncias tras receptar tambi\u00e9n las actuaciones correspondientes del juzgado federal de Lomas de Zamora, donde se instruye la causa, interinamente a cargo del juez&nbsp;<strong>Ernesto Kreplak.<\/strong><\/mark><\/p>\n\n\n\n<p class=\"wp-block-paragraph\">Ee inmediato Moreau se comunic\u00f3 con&nbsp;<strong>Cristian Ritondo (Pro), Daniel Kroneberger (UCR) y Oscar Parrilli (UxP),<\/strong>&nbsp;las otras tres autoridades de la comisi\u00f3n, para ponerlos en autos de la situaci\u00f3n. Asimismo les transmiti\u00f3 que le pidi\u00f3 a la jueza federal<strong>&nbsp;Mar\u00eda Servini<\/strong>, que instruye la causa sobre las denuncias sobre espionaje ilegal presuntamente cometidas durante la breve gesti\u00f3n del exjefe de Gabinete&nbsp;<strong>Nicol\u00e1s Posse<\/strong>, a cuyo cargo tuvo la Agencia Federal de Inteligencia (AFI).<\/p>\n\n\n\n<p class=\"wp-block-paragraph\">Los movimientos de Moreau desataron la inmediata reacci\u00f3n de los libertarios; de all\u00ed el apuro por constituir de apuro la comisi\u00f3n con apenas ocho miembros, sin Uni\u00f3n por la Patria ni Hacemos Coalici\u00f3n Federal, pese a que Menem se hab\u00eda comprometido a darles a estos \u00faltimos un lugar. Villarruel y Menem decidieron convocarla para el mi\u00e9rcoles pasado a las 13.&nbsp;<strong>Ante el esc\u00e1ndalo previsible que iba a desatarse, desde la UCR y Pro pegaron el grito en el cielo&nbsp;<\/strong>y advirtieron que no ser\u00edan parte de la maniobra que, como era previsible, se filtr\u00f3 a los o\u00eddos del kirchnerismo en las \u00faltimas horas del martes.<\/p>\n\n\n\n<p class=\"wp-block-paragraph\">De inmediato, el jefe del bloque kirchnerista en el Senado,<strong>&nbsp;Jos\u00e9 Mayans<\/strong>, envi\u00f3 una nota al secretario parlamentario del Senado y lo conmin\u00f3 a que se d\u00e9 de baja la convocatoria porque, de lo contrario, ser\u00eda denunciado penalmente. Finalmente la jugada del oficialismo no se consum\u00f3.<\/p>\n\n\n\n<p class=\"wp-block-paragraph\">El oficialismo no solo fracas\u00f3 en conformar de urgencia la comisi\u00f3n bicameral; en el camino<strong>&nbsp;sembr\u00f3 un conflicto con Hacemos Coalici\u00f3n Federa<\/strong>l que, con otros tres bloques, hab\u00eda reunido<strong>&nbsp;31 integrantes&nbsp;<\/strong>para reclamar un lugar en ese cuerpo.&nbsp;<mark>Confiaban en que Menem retribuyera su apoyo a la Ley Bases y al paquete fiscal con la designaci\u00f3n de Monz\u00f3 en ese cuerpo, tal como se hab\u00eda conversado<\/mark>. Pero Menem adujo que, por el sistema D\u2019Hont \u2013el m\u00e9todo elegido para repartir los lugares en las comisiones-, Monz\u00f3 quedar\u00eda afuera.<\/p>\n\n\n\n<p class=\"wp-block-paragraph\">El argumento estuvo lejos de convencer a&nbsp;<strong>Pichetto, Monz\u00f3, Nicol\u00e1s Massot y Oscar Agost Carre\u00f1o&nbsp;<\/strong>quienes, al caer la tarde, se presentaron en el despacho del riojano. \u201cRepresentamos tres bloques con 30 diputados y nos dejan afuera; no hay un criterio para la integraci\u00f3n de las comisiones, todo es arbitrario. Si Menem no revisa esta situaci\u00f3n,&nbsp;<mark>no descartamos ir al recinto y plantear que sea el pleno, y no el presidente del cuerpo, el que defina c\u00f3mo deben integrarse las comisiones<\/mark>\u201d, advirti\u00f3 uno de ellos, visiblemente indignado.<\/p>\n\n\n\n<figure data-spectra-id=\"spectra-eb08ddda-c6ec-43e5-914e-3a120e896648\" class=\"wp-block-image\"><img decoding=\"async\" src=\"https:\/\/resizer.glanacion.com\/resizer\/v2\/el-diputado-emilio-KOOSIOZHC5CJVCKRLFJVHS7EGA.JPG?auth=6ca2de42858802670e6750f733c519d187cfc84cfc3afd491a075a008f47c7a0&amp;width=420&amp;height=280&amp;quality=70&amp;smart=true\" alt=\"El diputado Emilio Monz\u00f3\" title=\"Tensiones por la Comisi\u00f3n Bicameral de Inteligencia: denuncias, apuros y traiciones que dejaron al oficialismo ante un dilema\" \/><figcaption>El diputado Emilio Monz\u00f3Alejandro Guyot &#8211; LA NACI\u00d3N<\/figcaption><\/figure>\n\n\n\n<p class=\"wp-block-paragraph\">Ninguno de los cuatro diputados que ayer estuvieron con Menem estaban enterados de la fallida maniobra del oficialismo para integrar la comisi\u00f3n. Supieron de ella en las \u00faltimas horas. No entend\u00edan por qu\u00e9 Menem se negaba a darles un lugar con el argumento -a su juicio poco convicente- de que el sistema D\u2019Hont los dejaba afuera.<\/p>\n\n\n\n<p class=\"wp-block-paragraph\">\u201c\u00c9l se hab\u00eda comprometido a darnos un lugar, \u00e9se era el acuerdo pol\u00edtico. Tenemos la representaci\u00f3n de cuatro bloques: Nicol\u00e1s (Massot) present\u00f3 la nota correspondiente. Por eso nos sorprendi\u00f3 el cambio de actitud de Menem. Ahora entendemos todo: quieren controlar la principal comisi\u00f3n de control que tiene el Congreso\u201d, deslizan.<\/p>\n\n\n\n<p class=\"wp-block-paragraph\"><a href=\"https:\/\/www.lanacion.com.ar\/autor\/laura-serra-164\/\">Laura Serra<\/a><\/p>\n\n\n\n<p class=\"wp-block-paragraph\">Fuente:<a href=\"https:\/\/www.lanacion.com.ar\/\"> La Naci\u00f3n<\/a><\/p>","protected":false},"excerpt":{"rendered":"<p>La plana mayor de los diputados de Hacemos Coalici\u00f3n Federal, encabezada por&nbsp;Miguel Pichetto, se retir\u00f3 anoche del despacho del presidente del cuerpo,&nbsp;Mart\u00edn Menem, mascullando bronca. El riojano, sin aviso previo, hab\u00eda dejado afuera a&nbsp;Emilio Monz\u00f3, un hombre de su bancada, quien iba a representar a un conglomerado de 31 legisladores en la estrat\u00e9gica&nbsp;Comisi\u00f3n Bicameral de [&hellip;]<\/p>\n","protected":false},"author":9,"featured_media":0,"comment_status":"open","ping_status":"open","sticky":false,"template":"","format":"standard","meta":{"site-sidebar-layout":"default","site-content-layout":"","ast-site-content-layout":"default","site-content-style":"default","site-sidebar-style":"default","ast-global-header-display":"","ast-banner-title-visibility":"","ast-main-header-display":"","ast-hfb-above-header-display":"","ast-hfb-below-header-display":"","ast-hfb-mobile-header-display":"","site-post-title":"","ast-breadcrumbs-content":"","ast-featured-img":"","footer-sml-layout":"","ast-disable-related-posts":"","theme-transparent-header-meta":"","adv-header-id-meta":"","stick-header-meta":"","header-above-stick-meta":"","header-main-stick-meta":"","header-below-stick-meta":"","astra-migrate-meta-layouts":"default","ast-page-background-enabled":"default","ast-page-background-meta":{"desktop":{"background-color":"","background-image":"","background-repeat":"repeat","background-position":"center center","background-size":"auto","background-attachment":"scroll","background-type":"","background-media":"","overlay-type":"","overlay-color":"","overlay-opacity":"","overlay-gradient":""},"tablet":{"background-color":"","background-image":"","background-repeat":"repeat","background-position":"center center","background-size":"auto","background-attachment":"scroll","background-type":"","background-media":"","overlay-type":"","overlay-color":"","overlay-opacity":"","overlay-gradient":""},"mobile":{"background-color":"","background-image":"","background-repeat":"repeat","background-position":"center center","background-size":"auto","background-attachment":"scroll","background-type":"","background-media":"","overlay-type":"","overlay-color":"","overlay-opacity":"","overlay-gradient":""}},"ast-content-background-meta":{"desktop":{"background-color":"var(--ast-global-color-5)","background-image":"","background-repeat":"repeat","background-position":"center center","background-size":"auto","background-attachment":"scroll","background-type":"","background-media":"","overlay-type":"","overlay-color":"","overlay-opacity":"","overlay-gradient":""},"tablet":{"background-color":"var(--ast-global-color-5)","background-image":"","background-repeat":"repeat","background-position":"center center","background-size":"auto","background-attachment":"scroll","background-type":"","background-media":"","overlay-type":"","overlay-color":"","overlay-opacity":"","overlay-gradient":""},"mobile":{"background-color":"var(--ast-global-color-5)","background-image":"","background-repeat":"repeat","background-position":"center center","background-size":"auto","background-attachment":"scroll","background-type":"","background-media":"","overlay-type":"","overlay-color":"","overlay-opacity":"","overlay-gradient":""}},"footnotes":""},"categories":[2],"tags":[],"class_list":["post-104415","post","type-post","status-publish","format-standard","hentry","category-politica"],"spectra_blocks_featured_image_url":null,"spectra_blocks_author_info":{"display_name":"Jorge Alfredo Baret","avatar_url":"https:\/\/secure.gravatar.com\/avatar\/31696f5ca83439b642450ec7d3f82f98451a5efacb414343d5478c982b337f26?s=96&d=mm&r=g","author_link":"https:\/\/100xd.com.ar\/en\/author\/jorge\/","description":"Ingeniero Qu\u00edmico UTN - Director Apoderado de Comunicaciones Auditadas SA. Editor Responsable 100xd.com.ar."},"_links":{"self":[{"href":"https:\/\/100xd.com.ar\/en\/wp-json\/wp\/v2\/posts\/104415","targetHints":{"allow":["GET"]}}],"collection":[{"href":"https:\/\/100xd.com.ar\/en\/wp-json\/wp\/v2\/posts"}],"about":[{"href":"https:\/\/100xd.com.ar\/en\/wp-json\/wp\/v2\/types\/post"}],"author":[{"embeddable":true,"href":"https:\/\/100xd.com.ar\/en\/wp-json\/wp\/v2\/users\/9"}],"replies":[{"embeddable":true,"href":"https:\/\/100xd.com.ar\/en\/wp-json\/wp\/v2\/comments?post=104415"}],"version-history":[{"count":1,"href":"https:\/\/100xd.com.ar\/en\/wp-json\/wp\/v2\/posts\/104415\/revisions"}],"predecessor-version":[{"id":104417,"href":"https:\/\/100xd.com.ar\/en\/wp-json\/wp\/v2\/posts\/104415\/revisions\/104417"}],"wp:attachment":[{"href":"https:\/\/100xd.com.ar\/en\/wp-json\/wp\/v2\/media?parent=104415"}],"wp:term":[{"taxonomy":"category","embeddable":true,"href":"https:\/\/100xd.com.ar\/en\/wp-json\/wp\/v2\/categories?post=104415"},{"taxonomy":"post_tag","embeddable":true,"href":"https:\/\/100xd.com.ar\/en\/wp-json\/wp\/v2\/tags?post=104415"}],"curies":[{"name":"wp","href":"https:\/\/api.w.org\/{rel}","templated":true}]}}