{"id":103996,"date":"2024-07-06T11:49:23","date_gmt":"2024-07-06T14:49:23","guid":{"rendered":"https:\/\/100xd.com.ar\/?p=103996"},"modified":"2024-07-06T11:49:23","modified_gmt":"2024-07-06T14:49:23","slug":"bloques-con-fracturas-internas-el-fenomeno-que-crece-en-el-congreso-y-condiciona-los-debates-que-se-vienen","status":"publish","type":"post","link":"https:\/\/100xd.com.ar\/en\/bloques-con-fracturas-internas-el-fenomeno-que-crece-en-el-congreso-y-condiciona-los-debates-que-se-vienen\/","title":{"rendered":"Bloques con fracturas internas, el fen\u00f3meno que crece en el Congreso y condiciona los debates que se vienen"},"content":{"rendered":"<p class=\"wp-block-paragraph\">El&nbsp;<a href=\"https:\/\/www.mdzol.com\/temas\/congreso-90.html\"><strong>Congreso<\/strong><\/a>&nbsp;comenzar\u00e1 el segundo semestre despu\u00e9s de un breve receso invernal planteado para las \u00faltimas dos semanas de agosto. Ambas c\u00e1maras volver\u00e1n a trabajar con una ampl\u00edsima agenda de temas, que van desde lo judicial, lo educativo, seguridad y presupuestaria, electoral, entre otras, impulsada por los distintos sectores de poder que conviven en el Senado y en&nbsp;<strong>Diputados<\/strong>. A esto se suma, que las principales bancadas llegan con crujidos internos de las propias coaliciones.<\/p>\n\n\n\n<p class=\"wp-block-paragraph\">En esta \u00faltima semana la m\u00e1s evidente tiene que ver con el PRO, luego del portazo que peg\u00f3 el bullrichismo de la asamblea del&nbsp;<a href=\"https:\/\/www.mdzol.com\/politica\/2024\/7\/5\/martin-yeza-agito-el-quiebre-del-pro-disparo-contra-patricia-bullrich-440309.html\"><strong>PRO<\/strong><\/a>, la propia ministra de Seguridad confirm\u00f3 que no se ir\u00e1n del bloque de Diputados que preside Cristian Ritondo. All\u00ed la funcionaria tiene 12 leales de los 37 que integran la bancada amarilla.<\/p>\n\n\n\n<p class=\"wp-block-paragraph\">&#8220;El hecho de que hayan incumplido el acuerdo, donde Mauricio Macri era el presidente del Consejo y&nbsp;<strong>Patricia Bullrich<\/strong>, de la Asamblea no significa que dejemos de ser del PRO&#8221;, afirm\u00f3 ante la consulta de&nbsp;<strong><em>MDZ<\/em><\/strong>&nbsp;el diputado por la Ciudad de Buenos Aires Dami\u00e1n Arabia.&nbsp;&#8220;Vamos a dar los debate para mantener el apoyo al cambio en la Argentina&#8221;, enfatiz\u00f3.<\/p>\n\n\n\n<p class=\"wp-block-paragraph\">En el ala bullrichista del bloque&nbsp;<strong>PRO<\/strong>&nbsp;tambi\u00e9n interpretan que &#8220;no es bueno para el Gobierno si rompemos el bloque&#8221;. &#8220;Mientras el bloque siga votando junto al gobierno y siga todo ordenado no tenemos motivo para irnos&#8221;, razon\u00f3 a este medio uno de los diputados que responde a la ministra de Seguridad.<\/p>\n\n\n\n<figure data-spectra-id=\"spectra-a112800b-5fbc-47a8-857d-037a61b26fe2\" class=\"wp-block-image\"><img decoding=\"async\" src=\"https:\/\/www.mdzol.com\/u\/fotografias\/m\/2024\/4\/18\/f768x435-1581940_1629683_5673.jpg\" alt=\"F768x435 1581940 1629683 5673\" title=\"Bloques con fracturas internas, el fen\u00f3meno que crece en el Congreso y condiciona los debates que se vienen\" \/><figcaption>El Senado tratar\u00e1 en agosto el pliego de los jueces de la Corte Suprema.<\/figcaption><\/figure>\n\n\n\n<p class=\"wp-block-paragraph\">&#8220;Mientras podamos&nbsp;mantener la unidad es m\u00e1s f\u00e1cil tironear desde adentro y&nbsp;llevarlos despacito&#8221;, dijo una fuente parlamentaria bullirchista. &#8220;Si nos partimos me voy a hiperlibertarizar y en frente los voy a empujar a ser dialoguistas, si estoy dentro, genero que todos acompa\u00f1en al gobierno&#8221;, agreg\u00f3 un diputado alineado con la ministra de Seguridad.<strong>TE PODR\u00cdA INTERESAR<\/strong><\/p>\n\n\n\n<ul class=\"wp-block-list\"><li><a href=\"https:\/\/www.mdzol.com\/politica\/2024\/7\/2\/reduccion-de-la-jornada-laboral-que-dicen-los-principales-proyectos-en-diputados-439533.html\">Reducci\u00f3n de la jornada laboral: qu\u00e9 dicen los principales proyectos en Diputados<\/a><\/li><li><a href=\"https:\/\/www.mdzol.com\/dinero\/2024\/6\/28\/asi-cerro-el-dolar-blue-horas-despues-de-la-aprobacion-de-la-ley-bases-en-diputados-438532.html\">As\u00ed cerr\u00f3 el d\u00f3lar blue horas despu\u00e9s de la aprobaci\u00f3n de la Ley Bases en Diputados<\/a><\/li><\/ul>\n\n\n\n<p class=\"wp-block-paragraph\">En el entorno de Ritondo, alineado con&nbsp;<strong>Mauricio Macri,<\/strong>&nbsp;se desligan de la decisi\u00f3n. &#8220;Tendr\u00e1n que ver que hacen ellos&#8221;, dijeron desde este sector y remarcaron que ellos van a seguir acompa\u00f1ando al cambio pero descartan una fusi\u00f3n con La Libertad Avanza que desdibuje la identidad del&nbsp;<strong>PRO<\/strong>. &#8220;Patricia&nbsp;no tiene identidad partidaria, ella lleg\u00f3 al partido cuando ya estaba todo cocinado, despu\u00e9s de haber dado vueltas por todos los espacios de la pol\u00edtica argentina&#8221;, razon\u00f3 un diputado alineado Macri.<\/p>\n\n\n\n<p class=\"wp-block-paragraph\">Los bloques dialoguistas no est\u00e1n exentos de disputas internas. El&nbsp;<strong>radicalismo<\/strong>&nbsp;qued\u00f3 en un laberinto llamado Auditor\u00eda General de la Naci\u00f3n (AGN). Mario Negri quiere quedarse con esa banca que&nbsp;<strong>La Libertad Avanza<\/strong>&nbsp;le cedi\u00f3 a los dialoguistas para cerrar el asunto y respetar la representaci\u00f3n pol\u00edtica de la C\u00e1mara baja.<\/p>\n\n\n\n<figure data-spectra-id=\"spectra-9f5cc66c-15af-48f4-9439-791d21f0823c\" class=\"wp-block-image\"><img decoding=\"async\" src=\"https:\/\/www.mdzol.com\/u\/fotografias\/m\/2024\/4\/30\/f768x435-1587284_1635027_5231.jpg\" alt=\"F768x435 1587284 1635027 5231\" title=\"Bloques con fracturas internas, el fen\u00f3meno que crece en el Congreso y condiciona los debates que se vienen\" \/><figcaption>Mart\u00edn Menem, presidente de la C\u00e1mara de Diputados.<\/figcaption><\/figure>\n\n\n\n<p class=\"wp-block-paragraph\">Sin embargo, el presidente del bloque, Rodrigo De Loredo, y el gobernador de Mendoza, Alfredo Cornejo, se alinearon para evitar que el exdiptuado se quede con ese lugar. Negri, por su parte, apela a un viejo m\u00e9todo: mostrar las firmas. Tiene 22 de 34. Pero sus adversarios las niegan.<\/p>\n\n\n\n<p class=\"wp-block-paragraph\">&#8220;Si las tiene, las tiene hoy. La pr\u00f3xima sesi\u00f3n va a ser en agosto, Cornejo si quiere evitar que llegue Negri va a hacer todo para bajarlo&#8221;, razon\u00f3 una fuente del radicalismo. De Loredo, adem\u00e1s, fue a buscar a Mauricio Macri para que opere en contra de su correligionario. Pero no tuvo \u00e9xito.<\/p>\n\n\n\n<p class=\"wp-block-paragraph\">En el Senado, la UCR tambi\u00e9n tiene sus dilemas por resolver. El peronismo va a impulsar en las comisiones que se sancione la nueva f\u00f3rmula de movilidad jubilatoria que tiene media sanci\u00f3n con amplio consenso de la C\u00e1mara de Diputados. Mart\u00edn Lousteau, una vez m\u00e1s a contramano del bloque que est\u00e1 dispuesto a jugar con La Libertad Avanza para dilatar este tema, como lo hizo en la \u00faltima sesi\u00f3n, dar\u00e1 las discusiones en su partido para aprobarlo.<\/p>\n\n\n\n<p class=\"wp-block-paragraph\">Si bien Lousteau est\u00e1 casi s\u00f3lo en el bloque radical de 13 senadores, hay tambi\u00e9n distintos intereses que la bancada que conduce Eduardo Vischi debe administrar. Los senadores que responden a los gobernadores radicales deber\u00e1n defender su agenda, lo mismo con quienes tienen intereses vinculados a las universidades, y los solitarios como, Lousteau, que buscar\u00e1n posicionarse como opositores a este gobierno.<\/p>\n\n\n\n<p class=\"wp-block-paragraph\">En Uni\u00f3n por la Patria, tanto en Diputados como en el&nbsp;<strong>Senado<\/strong>, los distintos intereses que atraviesan al panperonismo quedaron expuestos con el tratamiento de la Ley Bases. Las agresiones que recibi\u00f3 la juje\u00f1a Carolina Mois\u00e9s despu\u00e9s de votar a favor del R\u00e9gimen de Incentivo a las Grandes Inversiones (RIGI) despertaron una desconfianza en el PJ que va mucho m\u00e1s all\u00e1 de esta senadora que quiere ser gobernadora. Saben que detr\u00e1s de esa decisi\u00f3n hay gobernadores como Ra\u00fal Jalil que oper\u00f3 para que modifique su voto.<\/p>\n\n\n\n<p class=\"wp-block-paragraph\">Lo mismo ocurri\u00f3 en&nbsp;<strong>Diputados<\/strong>&nbsp;con los sanjuaninos y los catamarque\u00f1os el d\u00eda anterior a la sesi\u00f3n. El mi\u00e9rcoles se reunieron durante m\u00e1s de ocho horas los diputados del bloque que preside Germ\u00e1n Mart\u00ednez y estuvieron discutiendo qu\u00e9 posici\u00f3n tomar. All\u00ed el diputado por San Juan Walberto Allende levant\u00f3 la voz &#8220;en defensa de los intereses provinciales&#8221;. La rama gremial del bloque peronista no interpret\u00f3 otra cosa que &#8220;un motivo m\u00e1s para votar en contra de los trabajadores (por la vuelta del impuesto a las Ganancias) y la venta de la patria (por el RIGI)&#8221;.<\/p>\n\n\n\n<p class=\"wp-block-paragraph\">El que se lo hizo saber fue Sergio Palazzo que a su turno habl\u00f3 de la importancia de defender la identidad opositora del bloque y no ceder frente a las presiones.&nbsp;<\/p>\n\n\n\n<p class=\"wp-block-paragraph\">El otro dilema que el peronismo&nbsp;debe resolver se llama&nbsp;<strong>Ariel Lijo<\/strong>. Para que se aprube el pliego del candidato del Gobierno a la Corte Suprema, La Libertad Avanza necesita s\u00ed o s\u00ed del aval del justicialismo en el Senado. Es un tr\u00e1mite que necesita la mayor\u00eda especial de los dos tercios.&nbsp;<\/p>\n\n\n\n<p class=\"wp-block-paragraph\">El kirchnerismo, que poco le cuesta opinar de temas judiciales, no habla sobre Lijo. Se trata del hombre que investig\u00f3 a Amado Boudou, cuando era vicepresidente, en la causa Ciccone, el mismo que desestim\u00f3 la denuncia contra Cristina Kirchner del fiscal Alberto Nisman. &#8220;Es una decisi\u00f3n que tenemos que tomar como bloque, todav\u00eda no tenemos una postura definida&#8221;, dijo a\u00a0<em><strong>MDZ<\/strong><\/em>\u00a0un senador cercano Cristina Kirchner.<\/p>\n\n\n\n<p class=\"wp-block-paragraph\">Fuente:<a href=\"https:\/\/www.mdzol.com\/\"> Mendoza online<\/a><\/p>","protected":false},"excerpt":{"rendered":"<p>El&nbsp;Congreso&nbsp;comenzar\u00e1 el segundo semestre despu\u00e9s de un breve receso invernal planteado para las \u00faltimas dos semanas de agosto. Ambas c\u00e1maras volver\u00e1n a trabajar con una ampl\u00edsima agenda de temas, que van desde lo judicial, lo educativo, seguridad y presupuestaria, electoral, entre otras, impulsada por los distintos sectores de poder que conviven en el Senado y [&hellip;]<\/p>\n","protected":false},"author":9,"featured_media":0,"comment_status":"open","ping_status":"open","sticky":false,"template":"","format":"standard","meta":{"site-sidebar-layout":"default","site-content-layout":"","ast-site-content-layout":"default","site-content-style":"default","site-sidebar-style":"default","ast-global-header-display":"","ast-banner-title-visibility":"","ast-main-header-display":"","ast-hfb-above-header-display":"","ast-hfb-below-header-display":"","ast-hfb-mobile-header-display":"","site-post-title":"","ast-breadcrumbs-content":"","ast-featured-img":"","footer-sml-layout":"","ast-disable-related-posts":"","theme-transparent-header-meta":"","adv-header-id-meta":"","stick-header-meta":"","header-above-stick-meta":"","header-main-stick-meta":"","header-below-stick-meta":"","astra-migrate-meta-layouts":"default","ast-page-background-enabled":"default","ast-page-background-meta":{"desktop":{"background-color":"","background-image":"","background-repeat":"repeat","background-position":"center center","background-size":"auto","background-attachment":"scroll","background-type":"","background-media":"","overlay-type":"","overlay-color":"","overlay-opacity":"","overlay-gradient":""},"tablet":{"background-color":"","background-image":"","background-repeat":"repeat","background-position":"center center","background-size":"auto","background-attachment":"scroll","background-type":"","background-media":"","overlay-type":"","overlay-color":"","overlay-opacity":"","overlay-gradient":""},"mobile":{"background-color":"","background-image":"","background-repeat":"repeat","background-position":"center center","background-size":"auto","background-attachment":"scroll","background-type":"","background-media":"","overlay-type":"","overlay-color":"","overlay-opacity":"","overlay-gradient":""}},"ast-content-background-meta":{"desktop":{"background-color":"var(--ast-global-color-5)","background-image":"","background-repeat":"repeat","background-position":"center center","background-size":"auto","background-attachment":"scroll","background-type":"","background-media":"","overlay-type":"","overlay-color":"","overlay-opacity":"","overlay-gradient":""},"tablet":{"background-color":"var(--ast-global-color-5)","background-image":"","background-repeat":"repeat","background-position":"center center","background-size":"auto","background-attachment":"scroll","background-type":"","background-media":"","overlay-type":"","overlay-color":"","overlay-opacity":"","overlay-gradient":""},"mobile":{"background-color":"var(--ast-global-color-5)","background-image":"","background-repeat":"repeat","background-position":"center center","background-size":"auto","background-attachment":"scroll","background-type":"","background-media":"","overlay-type":"","overlay-color":"","overlay-opacity":"","overlay-gradient":""}},"footnotes":""},"categories":[2],"tags":[],"class_list":["post-103996","post","type-post","status-publish","format-standard","hentry","category-politica"],"spectra_blocks_featured_image_url":null,"spectra_blocks_author_info":{"display_name":"Jorge Alfredo Baret","avatar_url":"https:\/\/secure.gravatar.com\/avatar\/31696f5ca83439b642450ec7d3f82f98451a5efacb414343d5478c982b337f26?s=96&d=mm&r=g","author_link":"https:\/\/100xd.com.ar\/en\/author\/jorge\/","description":"Ingeniero Qu\u00edmico UTN - Director Apoderado de Comunicaciones Auditadas SA. Editor Responsable 100xd.com.ar."},"_links":{"self":[{"href":"https:\/\/100xd.com.ar\/en\/wp-json\/wp\/v2\/posts\/103996","targetHints":{"allow":["GET"]}}],"collection":[{"href":"https:\/\/100xd.com.ar\/en\/wp-json\/wp\/v2\/posts"}],"about":[{"href":"https:\/\/100xd.com.ar\/en\/wp-json\/wp\/v2\/types\/post"}],"author":[{"embeddable":true,"href":"https:\/\/100xd.com.ar\/en\/wp-json\/wp\/v2\/users\/9"}],"replies":[{"embeddable":true,"href":"https:\/\/100xd.com.ar\/en\/wp-json\/wp\/v2\/comments?post=103996"}],"version-history":[{"count":1,"href":"https:\/\/100xd.com.ar\/en\/wp-json\/wp\/v2\/posts\/103996\/revisions"}],"predecessor-version":[{"id":103998,"href":"https:\/\/100xd.com.ar\/en\/wp-json\/wp\/v2\/posts\/103996\/revisions\/103998"}],"wp:attachment":[{"href":"https:\/\/100xd.com.ar\/en\/wp-json\/wp\/v2\/media?parent=103996"}],"wp:term":[{"taxonomy":"category","embeddable":true,"href":"https:\/\/100xd.com.ar\/en\/wp-json\/wp\/v2\/categories?post=103996"},{"taxonomy":"post_tag","embeddable":true,"href":"https:\/\/100xd.com.ar\/en\/wp-json\/wp\/v2\/tags?post=103996"}],"curies":[{"name":"wp","href":"https:\/\/api.w.org\/{rel}","templated":true}]}}