{"id":103232,"date":"2024-06-21T13:01:49","date_gmt":"2024-06-21T16:01:49","guid":{"rendered":"https:\/\/100xd.com.ar\/?p=103232"},"modified":"2024-06-21T13:01:49","modified_gmt":"2024-06-21T16:01:49","slug":"municipio-de-rosario-fondo-jovenes-en-accion-climatica","status":"publish","type":"post","link":"https:\/\/100xd.com.ar\/en\/municipio-de-rosario-fondo-jovenes-en-accion-climatica\/","title":{"rendered":"Municipio de Rosario: Fondo J\u00f3venes en Acci\u00f3n Clim\u00e1tica"},"content":{"rendered":"<p class=\"wp-block-paragraph\">La ciudad de Rosario fue seleccionada para formar parte del&nbsp;<strong>Fondo J\u00f3venes en Acci\u00f3n Clim\u00e1tica<\/strong>, creado, dirigido y respaldado por Bloomberg Philanthropies e implementado en colaboraci\u00f3n con Ciudades y Gobiernos Locales Unidos (CGLU) y el Bloomberg Center for Public Innovation (BCPI) de la Universidad John Hopkins, patrocinado fiscalmente por Rockefeller Philanthropy Advisors (RPA).<\/p>\n\n\n\n<figure data-spectra-id=\"spectra-89d8c5cc-21ce-4282-a08d-a44992646cec\" class=\"wp-block-image\"><img decoding=\"async\" src=\"https:\/\/www.rosario.gob.ar\/inicio\/sites\/default\/files\/styles\/12col\/public\/2024-05\/jovenes%20clima%20prensa.jpeg?itok=oAkkScUt\" alt=\"jovenes clima prensa\" title=\"Municipio de Rosario: Fondo J\u00f3venes en Acci\u00f3n Clim\u00e1tica\" \/><\/figure>\n\n\n\n<p class=\"wp-block-paragraph\">Mediante esta iniciativa,&nbsp;<strong>la Municipalidad seleccionar\u00e1 10 proyectos<\/strong>&nbsp;relacionados con &nbsp;el dise\u00f1o, la implementaci\u00f3n y la supervisi\u00f3n de soluciones clim\u00e1ticas urgentes, liderados por&nbsp;<strong>j\u00f3venes de 15 a 24 a\u00f1os<\/strong>, quienes recibir\u00e1n asesor\u00eda y aportes no reintegrables de<strong>&nbsp;$3.000.000<\/strong>&nbsp;para ejecutarlos en un plazo de 3 meses.Mostrar todosections<\/p>\n\n\n\n<h2 class=\"wp-block-heading\">\u00bfQui\u00e9nes pueden participar?<\/h2>\n\n\n\n<h2 class=\"wp-block-heading\">Caracter\u00edsticas de los proyectos e iniciativas<\/h2>\n\n\n\n<h2 class=\"wp-block-heading\">Categor\u00edas<\/h2>\n\n\n\n<h2 class=\"wp-block-heading\">Financiaci\u00f3n<\/h2>\n\n\n\n<p class=\"wp-block-paragraph\"><a href=\"https:\/\/www.rosario.gob.ar\/inicio\/webform\/formulario_de_solicitud_fondo_ju\" rel=\"noreferrer noopener\" target=\"_blank\">INSCRIPCI\u00d3N<\/a><\/p>\n\n\n\n<p class=\"wp-block-paragraph\"><a href=\"https:\/\/www.rosario.gob.ar\/inicio\/archivos\/bases-fondo-accion-climatica\/bases-de-la-convocatoria0.pdf\" rel=\"noreferrer noopener\" target=\"_blank\"><strong>Ver Bases y condiciones<\/strong><\/a><\/p>\n\n\n\n<p class=\"wp-block-paragraph\">Por consultas comunicarse a&nbsp;<a href=\"mailto:jovenesenaccionclimatica@rosario.gob.ar\">jovenesenaccionclimatica@rosario.gob.ar<\/a>&nbsp;<\/p>\n\n\n\n<h1 class=\"wp-block-heading\">Preguntas frecuentes<\/h1>\n\n\n\n<p class=\"wp-block-paragraph\">Mostrar todosections<\/p>\n\n\n\n<h2 class=\"wp-block-heading\">\u00bfQu\u00e9 es el Fondo J\u00f3venes en Acci\u00f3n Clim\u00e1tica?<\/h2>\n\n\n\n<h2 class=\"wp-block-heading\">\u00bfQui\u00e9nes pueden participar?<\/h2>\n\n\n\n<h2 class=\"wp-block-heading\">\u00bfCu\u00e1l es la fecha l\u00edmite para enviar una postulaci\u00f3n?<\/h2>\n\n\n\n<h2 class=\"wp-block-heading\">\u00bfQu\u00e9 caracter\u00edsticas deben tener los proyectos?<\/h2>\n\n\n\n<h2 class=\"wp-block-heading\">\u00bfCu\u00e1les son las categor\u00edas en las que se puede enmarcar mi proyecto?<\/h2>\n\n\n\n<h2 class=\"wp-block-heading\">\u00bfCu\u00e1les son los siguientes pasos si el proyecto es seleccionado?<\/h2>\n\n\n\n<h2 class=\"wp-block-heading\">\u00bfPuedo participar si no cuento con personer\u00eda jur\u00eddica?<\/h2>\n\n\n\n<h2 class=\"wp-block-heading\">Si mi organizaci\u00f3n no est\u00e1 al d\u00eda con la documentaci\u00f3n correspondiente, \u00bfpuedo participar y luego actualizarla?<\/h2>\n\n\n\n<h2 class=\"wp-block-heading\">\u00bfQu\u00e9 significa que es un fondo no reintegrable?<\/h2>\n\n\n\n<h2 class=\"wp-block-heading\">\u00bfCu\u00e1ntos proyectos se eligen y cu\u00e1nto dinero recibir\u00e1 cada uno?<\/h2>\n\n\n\n<h2 class=\"wp-block-heading\">\u00bfCu\u00e1ndo recibir\u00e1n los fondos los proyectos seleccionados?<\/h2>\n\n\n\n<h2 class=\"wp-block-heading\">\u00bfEn qu\u00e9 se pueden usar los fondos?<\/h2>\n\n\n\n<h2 class=\"wp-block-heading\">\u00bfEn qu\u00e9 no pueden usarse los fondos?<\/h2>\n\n\n\n<h2 class=\"wp-block-heading\">\u00bfEn cu\u00e1nto tiempo se debe ejecutar el proyecto?<\/h2>\n\n\n\n<h2 class=\"wp-block-heading\">\u00bfQu\u00e9 debo hacer para presentar un proyecto?<\/h2>\n\n\n\n<h2 class=\"wp-block-heading\">\u00bfExiste apoyo t\u00e9cnico para la presentaci\u00f3n de candidaturas?<\/h2>\n\n\n\n<h2 class=\"wp-block-heading\">\u00bfPueden usarse los fondos para expandir proyectos existentes?<\/h2>","protected":false},"excerpt":{"rendered":"<p>La ciudad de Rosario fue seleccionada para formar parte del&nbsp;Fondo J\u00f3venes en Acci\u00f3n Clim\u00e1tica, creado, dirigido y respaldado por Bloomberg Philanthropies e implementado en colaboraci\u00f3n con Ciudades y Gobiernos Locales Unidos (CGLU) y el Bloomberg Center for Public Innovation (BCPI) de la Universidad John Hopkins, patrocinado fiscalmente por Rockefeller Philanthropy Advisors (RPA). Mediante esta iniciativa,&nbsp;la [&hellip;]<\/p>\n","protected":false},"author":9,"featured_media":0,"comment_status":"open","ping_status":"open","sticky":false,"template":"","format":"standard","meta":{"site-sidebar-layout":"default","site-content-layout":"","ast-site-content-layout":"default","site-content-style":"default","site-sidebar-style":"default","ast-global-header-display":"","ast-banner-title-visibility":"","ast-main-header-display":"","ast-hfb-above-header-display":"","ast-hfb-below-header-display":"","ast-hfb-mobile-header-display":"","site-post-title":"","ast-breadcrumbs-content":"","ast-featured-img":"","footer-sml-layout":"","ast-disable-related-posts":"","theme-transparent-header-meta":"","adv-header-id-meta":"","stick-header-meta":"","header-above-stick-meta":"","header-main-stick-meta":"","header-below-stick-meta":"","astra-migrate-meta-layouts":"default","ast-page-background-enabled":"default","ast-page-background-meta":{"desktop":{"background-color":"","background-image":"","background-repeat":"repeat","background-position":"center center","background-size":"auto","background-attachment":"scroll","background-type":"","background-media":"","overlay-type":"","overlay-color":"","overlay-opacity":"","overlay-gradient":""},"tablet":{"background-color":"","background-image":"","background-repeat":"repeat","background-position":"center center","background-size":"auto","background-attachment":"scroll","background-type":"","background-media":"","overlay-type":"","overlay-color":"","overlay-opacity":"","overlay-gradient":""},"mobile":{"background-color":"","background-image":"","background-repeat":"repeat","background-position":"center center","background-size":"auto","background-attachment":"scroll","background-type":"","background-media":"","overlay-type":"","overlay-color":"","overlay-opacity":"","overlay-gradient":""}},"ast-content-background-meta":{"desktop":{"background-color":"var(--ast-global-color-5)","background-image":"","background-repeat":"repeat","background-position":"center center","background-size":"auto","background-attachment":"scroll","background-type":"","background-media":"","overlay-type":"","overlay-color":"","overlay-opacity":"","overlay-gradient":""},"tablet":{"background-color":"var(--ast-global-color-5)","background-image":"","background-repeat":"repeat","background-position":"center center","background-size":"auto","background-attachment":"scroll","background-type":"","background-media":"","overlay-type":"","overlay-color":"","overlay-opacity":"","overlay-gradient":""},"mobile":{"background-color":"var(--ast-global-color-5)","background-image":"","background-repeat":"repeat","background-position":"center center","background-size":"auto","background-attachment":"scroll","background-type":"","background-media":"","overlay-type":"","overlay-color":"","overlay-opacity":"","overlay-gradient":""}},"footnotes":""},"categories":[5],"tags":[],"class_list":["post-103232","post","type-post","status-publish","format-standard","hentry","category-municipios"],"spectra_blocks_featured_image_url":null,"spectra_blocks_author_info":{"display_name":"Jorge Alfredo Baret","avatar_url":"https:\/\/secure.gravatar.com\/avatar\/31696f5ca83439b642450ec7d3f82f98451a5efacb414343d5478c982b337f26?s=96&d=mm&r=g","author_link":"https:\/\/100xd.com.ar\/en\/author\/jorge\/","description":"Ingeniero Qu\u00edmico UTN - Director Apoderado de Comunicaciones Auditadas SA. Editor Responsable 100xd.com.ar."},"_links":{"self":[{"href":"https:\/\/100xd.com.ar\/en\/wp-json\/wp\/v2\/posts\/103232","targetHints":{"allow":["GET"]}}],"collection":[{"href":"https:\/\/100xd.com.ar\/en\/wp-json\/wp\/v2\/posts"}],"about":[{"href":"https:\/\/100xd.com.ar\/en\/wp-json\/wp\/v2\/types\/post"}],"author":[{"embeddable":true,"href":"https:\/\/100xd.com.ar\/en\/wp-json\/wp\/v2\/users\/9"}],"replies":[{"embeddable":true,"href":"https:\/\/100xd.com.ar\/en\/wp-json\/wp\/v2\/comments?post=103232"}],"version-history":[{"count":1,"href":"https:\/\/100xd.com.ar\/en\/wp-json\/wp\/v2\/posts\/103232\/revisions"}],"predecessor-version":[{"id":103234,"href":"https:\/\/100xd.com.ar\/en\/wp-json\/wp\/v2\/posts\/103232\/revisions\/103234"}],"wp:attachment":[{"href":"https:\/\/100xd.com.ar\/en\/wp-json\/wp\/v2\/media?parent=103232"}],"wp:term":[{"taxonomy":"category","embeddable":true,"href":"https:\/\/100xd.com.ar\/en\/wp-json\/wp\/v2\/categories?post=103232"},{"taxonomy":"post_tag","embeddable":true,"href":"https:\/\/100xd.com.ar\/en\/wp-json\/wp\/v2\/tags?post=103232"}],"curies":[{"name":"wp","href":"https:\/\/api.w.org\/{rel}","templated":true}]}}