{"id":102765,"date":"2024-06-12T11:48:46","date_gmt":"2024-06-12T14:48:46","guid":{"rendered":"https:\/\/100xd.com.ar\/?p=102765"},"modified":"2024-06-12T11:48:46","modified_gmt":"2024-06-12T14:48:46","slug":"jorge-giacobbe-milei-es-funcional-a-la-oposicion-es-el-tipo-que-hace-el-trabajo-sucio","status":"publish","type":"post","link":"https:\/\/100xd.com.ar\/en\/jorge-giacobbe-milei-es-funcional-a-la-oposicion-es-el-tipo-que-hace-el-trabajo-sucio\/","title":{"rendered":"Jorge Giacobbe: \u201cMilei es funcional a la oposici\u00f3n, es el tipo que hace el trabajo sucio\u201d"},"content":{"rendered":"<p class=\"wp-block-paragraph\">El analista pol\u00edtico&nbsp;<strong>Jorge Giacobbe<\/strong>&nbsp;se\u00f1al\u00f3 hoy que el presidente&nbsp;<strong>Javier Milei<\/strong>&nbsp;\u201c<strong>es funcional a la oposici\u00f3n, porque es la persona que vino a meter los dedos en el enchufe y hacer el trabajo sucio<\/strong>\u201d. En este sentido, y en di\u00e1logo con&nbsp;<strong>Infobae<\/strong>, asegur\u00f3 que pese a la crisis,<a rel=\"noreferrer noopener\" href=\"https:\/\/www.infobae.com\/politica\/2024\/06\/12\/ley-bases-en-el-senado-en-vivo-ultimas-noticias-del-debate-del-proyecto-y-el-paquete-fiscal-en-el-congreso\/\" target=\"_blank\">&nbsp;la discusi\u00f3n por la Ley Bases<\/a>&nbsp;y a las cr\u00edticas a la gesti\u00f3n libertaria, la imagen positiva del Presidente se mantiene en 59%, dato que revel\u00f3 el \u00faltimo informe de la consultora&nbsp;<em>Giacobbe &amp; Asociados<\/em>, porque est\u00e1 \u201c<strong>frente a la nada<\/strong>\u201d.<a href=\"https:\/\/www.infobae.com\/politica\/2024\/06\/12\/la-sesion-en-vivo-como-esta-la-votacion-y-quienes-continuan-en-duda\/\" target=\"_blank\" rel=\"noreferrer noopener\">Te puede interesar:<strong>La sesi\u00f3n en vivo: c\u00f3mo est\u00e1 la votaci\u00f3n y qui\u00e9nes contin\u00faan en duda<\/strong><\/a><\/p>\n\n\n\n<p class=\"wp-block-paragraph\">\u201c<strong>El problema de Milei no es la oposici\u00f3n, sino d\u00f3nde est\u00e1 la frontera de dolor tolerable de la gente<\/strong>. Hay un 10% que lo vot\u00f3 que dice que le afloje la cincha antes de fin de a\u00f1o; otro 15% extiende el plazo hasta las elecciones legislativas. Entonces, del 55% que te vot\u00f3 hay un 30% que dice \u2018te acompa\u00f1o hasta el final\u2019 y otro 25% que dice \u2018te acompa\u00f1o\u2019 pero quiere resultados\u201d, indic\u00f3.https:\/\/f953952d44b718b1f8bf156fbdaefca6.safeframe.googlesyndication.com\/safeframe\/1-0-40\/html\/container.html<\/p>\n\n\n\n<p class=\"wp-block-paragraph\">\u201cEl nivel alto de imagen positiva est\u00e1 sustentado en la esperanza, cuando le preguntamos a la gente la palabra que surge es la esperanza, est\u00e1 sustentado en un sistema de creencias, es importante esto, porque&nbsp;<strong>se puede componer y descomponer en tiempos muy r\u00e1pidos<\/strong>. La gente deposita esperanza sobre Milei porque desea que esto funcione bien, no porque sepa que va a funcionar bien, ni que haya elementos objetivo para decir que esto va ya a salir bien. Idealiza que Milei la puede llevar hacia un lugar mejor\u201d, a\u00f1adi\u00f3.<a href=\"https:\/\/www.infobae.com\/politica\/2024\/06\/12\/ley-bases-en-el-senado-el-rol-clave-de-villarruel-ante-el-viaje-de-milei-y-las-dudas-sobre-el-reglamento-en-caso-de-empate\/\" target=\"_blank\" rel=\"noreferrer noopener\">Te puede interesar:<strong>Ley Bases en el Senado: el rol clave de Villarruel ante el viaje de Milei y las dudas sobre el reglamento en caso de empate<\/strong><\/a><\/p>\n\n\n\n<p class=\"wp-block-paragraph\">Para el analista pol\u00edtico, Milei se mantiene con altos niveles de aceptaci\u00f3n en la consideraci\u00f3n social porque \u201cest\u00e1 frente a la nada y todos los que salen a quejarse tienen un desprestigio enorme; la gente ve la momia blanca, a la momia negra, a Frankestein, el hombre lobo\u201d. \u201c<strong>No hay nadie de prestigio que se le plante, es un momento muy dif\u00edcil para la oposici\u00f3n<\/strong>, que tiene a su gran referente,<strong>&nbsp;Cristina Kirchner<\/strong>, como un sujeto t\u00e1cito. Cuando salga a la cancha van a volver a tener su 35%, que es un mont\u00f3n, pero que no alcanza para ganar\u201d, complet\u00f3.<img loading=\"lazy\" decoding=\"async\" alt=\"El presidente Javier Milei (REUTERS)\" height=\"570\" width=\"800\" class=\"\" src=\"https:\/\/www.infobae.com\/new-resizer\/OpLCCoByt1eFLisfkeQTvdLoEvw=\/420x315\/filters:format(webp):quality(85)\/cloudfront-us-east-1.images.arcpublishing.com\/infobae\/W5WUVEGLYOQDDMJUYV44BULEEQ.jpg%20420w\" srcset=\"https:\/\/www.infobae.com\/new-resizer\/OpLCCoByt1eFLisfkeQTvdLoEvw=\/420x315\/filters:format(webp):quality(85)\/cloudfront-us-east-1.images.arcpublishing.com\/infobae\/W5WUVEGLYOQDDMJUYV44BULEEQ.jpg 420w,https:\/\/www.infobae.com\/new-resizer\/Vj0xsqIP4J6Tr08BgX06Sd3Skf4=\/768x576\/filters:format(webp):quality(85)\/cloudfront-us-east-1.images.arcpublishing.com\/infobae\/W5WUVEGLYOQDDMJUYV44BULEEQ.jpg 768w,https:\/\/www.infobae.com\/new-resizer\/M055gK1ZqAvT77oeN9LPrNZplV0=\/992x744\/filters:format(webp):quality(85)\/cloudfront-us-east-1.images.arcpublishing.com\/infobae\/W5WUVEGLYOQDDMJUYV44BULEEQ.jpg 992w,https:\/\/www.infobae.com\/new-resizer\/VGrUT-O3Otm1YNRi09dOAB0LeYo=\/1200x900\/filters:format(webp):quality(85)\/cloudfront-us-east-1.images.arcpublishing.com\/infobae\/W5WUVEGLYOQDDMJUYV44BULEEQ.jpg 1200w,https:\/\/www.infobae.com\/new-resizer\/IGGNw6d0J-cJWvHV8lPpxqXnGkY=\/1440x1080\/filters:format(webp):quality(85)\/cloudfront-us-east-1.images.arcpublishing.com\/infobae\/W5WUVEGLYOQDDMJUYV44BULEEQ.jpg 1440w\" title=\"Jorge Giacobbe: \u201cMilei es funcional a la oposici\u00f3n, es el tipo que hace el trabajo sucio\u201d\">El presidente Javier Milei (REUTERS)<\/p>\n\n\n\n<p class=\"wp-block-paragraph\">Giacobbe se expres\u00f3 ayer en esta misma l\u00ednea, al ser entrevistado por&nbsp;<em>TN<\/em>. \u201cEs la tercera vez que el peronismo hace esto, buscan a un tipo que haga el trabajo sucio y&nbsp;<strong>ellos tienen que hacer la ficci\u00f3n de que se quejan. La verdad es que no est\u00e1n yendo en serio<\/strong>, est\u00e1n haciendo una joda de que se quejan. El sindicalismo, si quiere, te para el pa\u00eds, ten\u00e9s desabastecimiento y un incendio social. No lo est\u00e1n haciendo\u201d.<a href=\"https:\/\/www.infobae.com\/politica\/2024\/06\/12\/articulo-por-articulo-asi-es-la-ley-bases-que-se-debate-en-el-senado\/\" target=\"_blank\" rel=\"noreferrer noopener\">Te puede interesar:<strong>As\u00ed es la Ley Bases que se debate en el Senado, art\u00edculo por art\u00edculo<\/strong><\/a><\/p>\n\n\n\n<p class=\"wp-block-paragraph\">Consultado sobre la coyuntura, asegur\u00f3: \u201cLos argentinos volvimos a provocar un 2001, pero sin un 19\/20 de diciembre que nos diera una foto. Otra vez descabezamos el sistema pol\u00edtico, y nadie tiene futuro. La Libertad Avanza no tiene cap\u00edtulo dos construido. Si Milei se desgasta, \u00bfqu\u00e9 hace? No es Karina, no jodamos. No tiene nada el PRO, la UCR, el peronismo, el kirchnerismo, la izquierda. Nadie tiene el pr\u00f3ximo cap\u00edtulo, estamos en cero, no hay futuro. Est\u00e1n todos distra\u00eddos en el presente, no se dedican a construirlo, y los que tiene la cebita quemada obturan sus propios partidos para que no crezca nadie m\u00e1s\u201d.<\/p>\n\n\n\n<h2 class=\"wp-block-heading\">\u00daltima encuesta<\/h2>\n\n\n\n<p class=\"wp-block-paragraph\">La mencionada encuesta,&nbsp;<a rel=\"noreferrer noopener\" href=\"https:\/\/www.infobae.com\/politica\/2024\/05\/31\/encuesta-el-57-de-la-gente-cree-que-lo-peor-de-la-situacion-economica-ya-paso-pero-un-61-cree-que-sufrira-el-impacto-del-desempleo\/\" target=\"_blank\">publicada a principios de mayo<\/a>, a seis meses de inicio de la gesti\u00f3n libertaria, estaca el alto nivel de imagen positiva de los integrantes del gabinete nacional -supera el 50%-, en contraste con los casos de los l\u00edderes de Uni\u00f3n por la Patria. Adem\u00e1s, se menciona que&nbsp;<strong>el 57% de los consultados cree que ya pas\u00f3 la etapa m\u00e1s dif\u00edcil en materia econ\u00f3mica, pero advirti\u00f3 un crecimiento del temor al desempleo<\/strong>.<\/p>\n\n\n\n<p class=\"wp-block-paragraph\">Seg\u00fan el informe, Milei tiene un 58,7% de imagen positiva; la vicepresidenta&nbsp;<strong>Victoria Villarruel,<\/strong>&nbsp;el 55,2%; el vocero presidencial,<strong>&nbsp;Manuel Adorni,&nbsp;<\/strong>el 56,2%; la ministra de Seguridad,&nbsp;<strong>Patricia Bullrich,&nbsp;<\/strong>el 55,1%; y el ministro de Econom\u00eda,&nbsp;<strong>Luis Caputo&nbsp;<\/strong>el 51,6%. Como contracara aparecen los referentes de Uni\u00f3n por la Patria con imagen negativa:&nbsp;<strong>Cristina Kirchner&nbsp;<\/strong>con el 66,3%; el gobernador bonaerense,<strong>&nbsp;Axel Kicillof&nbsp;<\/strong>con el 25,4%; y el l\u00edder de La C\u00e1mpora,&nbsp;<strong>M\u00e1ximo Kirchner&nbsp;<\/strong>con 74,6%.<\/p>\n\n\n\n<p class=\"wp-block-paragraph\">Por otro lado, y ante la pregunta \u201c\u00bfQu\u00e9 emoci\u00f3n te produce la situaci\u00f3n actual de Argentina?\u201d, se imponen la palabra \u201cesperanza\u201d, seguida por \u201ctristeza\u201d, \u201cbronca\u201d e \u201cincertidumbre\u201d. En tanto, sobre la crisis econ\u00f3mica, un 42% afirm\u00f3 que \u201clo peor est\u00e1 por venir\u201d.<\/p>\n\n\n\n<p class=\"wp-block-paragraph\">Consultados sobre la Ley Bases,&nbsp;<a rel=\"noreferrer noopener\" href=\"https:\/\/www.infobae.com\/politica\/2024\/06\/12\/quienes-son-los-37-senadores-que-dieron-quorum-para-el-debate-de-la-ley-bases\/\" target=\"_blank\">cuyo tratamiento comenz\u00f3 este mi\u00e9rcoles en Senado<\/a>, el 55,2% cree que es un buen paquete de leyes y deber\u00edan aprobarla, el 34,1% cree que es mala para el pa\u00eds y deber\u00edan rechazarla y el 10,3% dice no tener informaci\u00f3n sobre el proyecto.<\/p>\n\n\n\n<p class=\"wp-block-paragraph\">Seg\u00fan la ficha t\u00e9cnica, el sondeo se realiz\u00f3 en Argentina entre el 20 y 24 de mayo en 2.500 casos. Se trat\u00f3 de un muestreo ajustado por cuotas de g\u00e9nero, edad, nivel de estudios, ingresos percibidos, y regiones para las provincias Argentinas, secciones electorales para la Provincia de Buenos Aires y comunas para Ciudad Aut\u00f3noma de Buenos Aires. Adem\u00e1s, fue implementado como un cuestionario con preguntas abiertas y cerradas en un sistema adaptado a dispositivos m\u00f3viles.<\/p>\n\n\n\n<p class=\"wp-block-paragraph\">Fuente: <a href=\"https:\/\/www.infobae.com\/\">Infobae.com<\/a><\/p>","protected":false},"excerpt":{"rendered":"<p>El analista pol\u00edtico&nbsp;Jorge Giacobbe&nbsp;se\u00f1al\u00f3 hoy que el presidente&nbsp;Javier Milei&nbsp;\u201ces funcional a la oposici\u00f3n, porque es la persona que vino a meter los dedos en el enchufe y hacer el trabajo sucio\u201d. En este sentido, y en di\u00e1logo con&nbsp;Infobae, asegur\u00f3 que pese a la crisis,&nbsp;la discusi\u00f3n por la Ley Bases&nbsp;y a las cr\u00edticas a la gesti\u00f3n [&hellip;]<\/p>\n","protected":false},"author":9,"featured_media":0,"comment_status":"open","ping_status":"open","sticky":false,"template":"","format":"standard","meta":{"site-sidebar-layout":"default","site-content-layout":"","ast-site-content-layout":"default","site-content-style":"default","site-sidebar-style":"default","ast-global-header-display":"","ast-banner-title-visibility":"","ast-main-header-display":"","ast-hfb-above-header-display":"","ast-hfb-below-header-display":"","ast-hfb-mobile-header-display":"","site-post-title":"","ast-breadcrumbs-content":"","ast-featured-img":"","footer-sml-layout":"","ast-disable-related-posts":"","theme-transparent-header-meta":"","adv-header-id-meta":"","stick-header-meta":"","header-above-stick-meta":"","header-main-stick-meta":"","header-below-stick-meta":"","astra-migrate-meta-layouts":"default","ast-page-background-enabled":"default","ast-page-background-meta":{"desktop":{"background-color":"","background-image":"","background-repeat":"repeat","background-position":"center center","background-size":"auto","background-attachment":"scroll","background-type":"","background-media":"","overlay-type":"","overlay-color":"","overlay-opacity":"","overlay-gradient":""},"tablet":{"background-color":"","background-image":"","background-repeat":"repeat","background-position":"center center","background-size":"auto","background-attachment":"scroll","background-type":"","background-media":"","overlay-type":"","overlay-color":"","overlay-opacity":"","overlay-gradient":""},"mobile":{"background-color":"","background-image":"","background-repeat":"repeat","background-position":"center center","background-size":"auto","background-attachment":"scroll","background-type":"","background-media":"","overlay-type":"","overlay-color":"","overlay-opacity":"","overlay-gradient":""}},"ast-content-background-meta":{"desktop":{"background-color":"var(--ast-global-color-5)","background-image":"","background-repeat":"repeat","background-position":"center center","background-size":"auto","background-attachment":"scroll","background-type":"","background-media":"","overlay-type":"","overlay-color":"","overlay-opacity":"","overlay-gradient":""},"tablet":{"background-color":"var(--ast-global-color-5)","background-image":"","background-repeat":"repeat","background-position":"center center","background-size":"auto","background-attachment":"scroll","background-type":"","background-media":"","overlay-type":"","overlay-color":"","overlay-opacity":"","overlay-gradient":""},"mobile":{"background-color":"var(--ast-global-color-5)","background-image":"","background-repeat":"repeat","background-position":"center center","background-size":"auto","background-attachment":"scroll","background-type":"","background-media":"","overlay-type":"","overlay-color":"","overlay-opacity":"","overlay-gradient":""}},"footnotes":""},"categories":[2],"tags":[],"class_list":["post-102765","post","type-post","status-publish","format-standard","hentry","category-politica"],"spectra_blocks_featured_image_url":null,"spectra_blocks_author_info":{"display_name":"Jorge Alfredo Baret","avatar_url":"https:\/\/secure.gravatar.com\/avatar\/31696f5ca83439b642450ec7d3f82f98451a5efacb414343d5478c982b337f26?s=96&d=mm&r=g","author_link":"https:\/\/100xd.com.ar\/en\/author\/jorge\/","description":"Ingeniero Qu\u00edmico UTN - Director Apoderado de Comunicaciones Auditadas SA. Editor Responsable 100xd.com.ar."},"_links":{"self":[{"href":"https:\/\/100xd.com.ar\/en\/wp-json\/wp\/v2\/posts\/102765","targetHints":{"allow":["GET"]}}],"collection":[{"href":"https:\/\/100xd.com.ar\/en\/wp-json\/wp\/v2\/posts"}],"about":[{"href":"https:\/\/100xd.com.ar\/en\/wp-json\/wp\/v2\/types\/post"}],"author":[{"embeddable":true,"href":"https:\/\/100xd.com.ar\/en\/wp-json\/wp\/v2\/users\/9"}],"replies":[{"embeddable":true,"href":"https:\/\/100xd.com.ar\/en\/wp-json\/wp\/v2\/comments?post=102765"}],"version-history":[{"count":1,"href":"https:\/\/100xd.com.ar\/en\/wp-json\/wp\/v2\/posts\/102765\/revisions"}],"predecessor-version":[{"id":102767,"href":"https:\/\/100xd.com.ar\/en\/wp-json\/wp\/v2\/posts\/102765\/revisions\/102767"}],"wp:attachment":[{"href":"https:\/\/100xd.com.ar\/en\/wp-json\/wp\/v2\/media?parent=102765"}],"wp:term":[{"taxonomy":"category","embeddable":true,"href":"https:\/\/100xd.com.ar\/en\/wp-json\/wp\/v2\/categories?post=102765"},{"taxonomy":"post_tag","embeddable":true,"href":"https:\/\/100xd.com.ar\/en\/wp-json\/wp\/v2\/tags?post=102765"}],"curies":[{"name":"wp","href":"https:\/\/api.w.org\/{rel}","templated":true}]}}