{"id":101687,"date":"2024-05-23T11:43:24","date_gmt":"2024-05-23T14:43:24","guid":{"rendered":"https:\/\/100xd.com.ar\/?p=101687"},"modified":"2024-05-23T11:43:24","modified_gmt":"2024-05-23T14:43:24","slug":"la-revista-time-eligio-a-milei-para-la-tapa-de-su-ultima-edicion-y-analiza-su-plan-radical-para-transformar-la-argentina","status":"publish","type":"post","link":"https:\/\/100xd.com.ar\/en\/la-revista-time-eligio-a-milei-para-la-tapa-de-su-ultima-edicion-y-analiza-su-plan-radical-para-transformar-la-argentina\/","title":{"rendered":"La revista Time eligi\u00f3 a Milei para la tapa de su \u00faltima edici\u00f3n y analiza su \u201cplan radical para transformar la Argentina\u201d"},"content":{"rendered":"<p class=\"wp-block-paragraph\">La prestigiosa&nbsp;<strong>revista Time<\/strong>&nbsp;eligi\u00f3 a&nbsp;<strong>Javier Milei<\/strong>&nbsp;para la tapa de su \u00faltima edici\u00f3n, lo describi\u00f3 como el presidente de un pa\u00eds que se convirti\u00f3 en un caso testigo a nivel mundial, y analiz\u00f3 su \u201c<strong>plan radical para transformar la Argentina<\/strong>\u201d.<a href=\"https:\/\/www.infobae.com\/politica\/2024\/05\/23\/quienes-son-los-otros-argentinos-que-estuvieron-en-la-tapa-de-la-revista-time\/\" target=\"_blank\" rel=\"noreferrer noopener\">Te puede interesar:<strong>Qui\u00e9nes son los otros argentinos que estuvieron en la tapa de la revista Time<\/strong><\/a><\/p>\n\n\n\n<p class=\"wp-block-paragraph\">El art\u00edculo est\u00e1 a cargo de la periodista&nbsp;<em>Vera Bergengruen<\/em>, la misma que realiz\u00f3 una rese\u00f1a en abril de este a\u00f1o,&nbsp;<a rel=\"noreferrer noopener\" href=\"https:\/\/www.infobae.com\/politica\/2024\/04\/17\/la-revista-time-incluyo-a-javier-milei-en-la-lista-de-las-100-personas-mas-influyentes-del-mundo\/\" target=\"_blank\">cuando se incluy\u00f3 al mandatario en la lista de las 100 personas m\u00e1s influyentes del mundo<\/a>. \u201cAunque es demasiado pronto para saber si las medidas del nuevo Presidente tendr\u00e1n \u00e9xito, est\u00e1 claro que ha acertado en una cosa: con Milei en el poder, Argentina no tendr\u00e1 vuelta atr\u00e1s\u201d, se\u00f1al\u00f3 en aquel momento.<\/p>\n\n\n\n<p class=\"wp-block-paragraph\">En esta oportunidad, la publicaci\u00f3n defini\u00f3 a Milei como \u201cel jefe de Estado m\u00e1s exc\u00e9ntrico del mundo\u201d y lo compar\u00f3 con otros mandatarios mundiales. \u201cNinguno de sus hom\u00f3logos es como Milei, con su temperamento volc\u00e1nico, su porte de cient\u00edfico loco y su vena mesi\u00e1nica. Y ninguno de ellos lidera una naci\u00f3n como Argentina, una potencia regional rica en recursos plagada de d\u00e9cadas de mala gesti\u00f3n pol\u00edtica e inestabilidad econ\u00f3mica, que ahora se ha convertido en un caso de prueba para las teor\u00edas de gobierno de un ide\u00f3logo radical\u201d, describi\u00f3.<a href=\"https:\/\/www.infobae.com\/politica\/2024\/05\/23\/quienes-fueron-los-invitados-a-la-presentacion-del-libro-de-javier-milei-en-el-luna-park\/\" target=\"_blank\" rel=\"noreferrer noopener\">Te puede interesar:<strong>Qui\u00e9nes fueron los invitados a la presentaci\u00f3n del libro de Javier Milei en el Luna Park<\/strong><\/a><img loading=\"lazy\" decoding=\"async\" alt=\"El presidente Javier Milei en su despacho\" height=\"1080\" width=\"1920\" class=\"\" src=\"https:\/\/www.infobae.com\/new-resizer\/-_MHGK0mRvtA4_2aUqejrQYSi38=\/420x236\/filters:format(webp):quality(85)\/cloudfront-us-east-1.images.arcpublishing.com\/infobae\/WVEPTGS6MFEQJJCB6WGO2HTIOI.jpg%20420w\" srcset=\"https:\/\/www.infobae.com\/new-resizer\/-_MHGK0mRvtA4_2aUqejrQYSi38=\/420x236\/filters:format(webp):quality(85)\/cloudfront-us-east-1.images.arcpublishing.com\/infobae\/WVEPTGS6MFEQJJCB6WGO2HTIOI.jpg 420w,https:\/\/www.infobae.com\/new-resizer\/UcuEZFYqyv8O4rGMSjl7ALvu0Q8=\/768x432\/filters:format(webp):quality(85)\/cloudfront-us-east-1.images.arcpublishing.com\/infobae\/WVEPTGS6MFEQJJCB6WGO2HTIOI.jpg 768w,https:\/\/www.infobae.com\/new-resizer\/ppw1XYAH4MZual1ekZxIdD4YHkE=\/992x558\/filters:format(webp):quality(85)\/cloudfront-us-east-1.images.arcpublishing.com\/infobae\/WVEPTGS6MFEQJJCB6WGO2HTIOI.jpg 992w,https:\/\/www.infobae.com\/new-resizer\/8cPq5V3lQH5y6AO4x_1oremeqCo=\/1200x675\/filters:format(webp):quality(85)\/cloudfront-us-east-1.images.arcpublishing.com\/infobae\/WVEPTGS6MFEQJJCB6WGO2HTIOI.jpg 1200w,https:\/\/www.infobae.com\/new-resizer\/L5mSNx2mal41znz3KhfyERDr4NE=\/1440x810\/filters:format(webp):quality(85)\/cloudfront-us-east-1.images.arcpublishing.com\/infobae\/WVEPTGS6MFEQJJCB6WGO2HTIOI.jpg 1440w\" title=\"La revista Time eligi\u00f3 a Milei para la tapa de su \u00faltima edici\u00f3n y analiza su \u201cplan radical para transformar la Argentina\u201d\">El presidente Javier Milei en su despacho<\/p>\n\n\n\n<p class=\"wp-block-paragraph\">En un pasaje del texto, se sostiene que Milei \u201ccree que es pionero en un enfoque que se convertir\u00e1 en un modelo mundial\u201d y cita una declaraci\u00f3n del Jefe Estado, en una entrevista que se realiz\u00f3 el pasado 25 de abril. \u201cArgentina se convertir\u00e1 en un modelo de c\u00f3mo transformar un pa\u00eds en una naci\u00f3n pr\u00f3spera\u201d.<\/p>\n\n\n\n<p class=\"wp-block-paragraph\">Aunque Time destaca el ascenso del presidente libertario, realiza una advertencia sobre el impacto econ\u00f3mico de sus principales medidas: \u201cEl recorte de las ayudas federales, las subvenciones al transporte y la energ\u00eda y la supresi\u00f3n de los controles de precios han disparado el coste de la vida. M\u00e1s del 55% de los argentinos est\u00e1n sumidos en la pobreza, frente al 45% en diciembre.&nbsp;<strong>Puede que a Milei se le est\u00e9 acabando el tiempo antes de que su apoyo popular se desmorone<\/strong>\u201d.<a href=\"https:\/\/www.infobae.com\/politica\/2024\/05\/23\/quien-es-ana-tamagno-la-mujer-que-canto-con-javier-milei-en-el-luna-park\/\" target=\"_blank\" rel=\"noreferrer noopener\">Te puede interesar:<strong>Qui\u00e9n es Ana Tamagno, la mujer que cant\u00f3 con Javier Milei en el Luna Park<\/strong><\/a><\/p>\n\n\n\n<p class=\"wp-block-paragraph\">En su descripci\u00f3n, se asegura que \u201cl<strong>os funcionarios estadounidenses dicen que es sorprendentemente f\u00e1cil trabajar con Milei<\/strong>\u201d y que \u201cest\u00e1 localizable directamente en WhatsApp\u201d. Adem\u00e1s, suma tambi\u00e9n una frase del ministro de Econom\u00eda,&nbsp;<strong>Luis Caputo<\/strong>: \u201cEl mundo est\u00e1 mirando,porque&nbsp;<strong>si Argentina consigue revertir esto, significa que cualquiera puede<\/strong>\u201d.<\/p>\n\n\n\n<h2 class=\"wp-block-heading\">Otros argentinos en la portada de Time<\/h2>\n\n\n\n<p class=\"wp-block-paragraph\">La revista nombr\u00f3 al&nbsp;<strong>papa Francisco<\/strong>&nbsp;como personalidad del a\u00f1o en 2013. Desde su llegada al Vaticano, el&nbsp;<strong>sumo pont\u00edfice<\/strong>&nbsp;se convirti\u00f3 en un protagonista habitual de la prestigiosa publicaci\u00f3n norteamericana: al menos en tres oportunidades lo eligi\u00f3 como protagonista de su portada.<\/p>\n\n\n\n<p class=\"wp-block-paragraph\">La primera tapa dedicada a un argentino se public\u00f3 en mayo de 1941 y tuvo como protagonista a&nbsp;<strong>Ram\u00f3n Castillo<\/strong>, vicepresidente de Roberto M. Ortiz, que en 1942 debi\u00f3 asumir la presidencia ante una grave enfermedad que de su compa\u00f1ero de f\u00f3rmula.<\/p>\n\n\n\n<p class=\"wp-block-paragraph\">Posteriormente, publico tres portadas dedicadas al peronismo: en noviembre de 1944 el protagonista fue&nbsp;<strong>Juan Domingo Per\u00f3n<\/strong>, bajo el t\u00edtulo \u201c\u00bfQu\u00e9 es un buen vecino?\u201d, que estaba enfocado en Latinoam\u00e9rica; en julio de 1947 fue el turno de&nbsp;<strong>Eva Duarte<\/strong>, cuya imagen fue acompa\u00f1aba por la frase: \u201cEntre dos mundos, un arco\u00edris argentino\u201d; la trilog\u00eda se cerr\u00f3 con una tapa compartida por Per\u00f3n y Evita, que sali\u00f3 a la calle el 21 de junio de 1951, con el encabezado \u201cLos Per\u00f3n de Argentina\u201d.<\/p>\n\n\n\n<p class=\"wp-block-paragraph\">Otros protagonistas argentinos fueron<strong>\u00a0Pedro Eugenio Aramburu<\/strong>,\u00a0<strong>Arturo Frondizi<\/strong>,\u00a0<strong>Ernesto \u201cChe\u201d Guevara<\/strong>, y\u00a0<strong>Lionel Messi.<\/strong><\/p>\n\n\n\n<p class=\"wp-block-paragraph\">Fuente:<a href=\"https:\/\/www.infobae.com\/\"> Infobae.com<\/a><\/p>","protected":false},"excerpt":{"rendered":"<p>La prestigiosa&nbsp;revista Time&nbsp;eligi\u00f3 a&nbsp;Javier Milei&nbsp;para la tapa de su \u00faltima edici\u00f3n, lo describi\u00f3 como el presidente de un pa\u00eds que se convirti\u00f3 en un caso testigo a nivel mundial, y analiz\u00f3 su \u201cplan radical para transformar la Argentina\u201d.Te puede interesar:Qui\u00e9nes son los otros argentinos que estuvieron en la tapa de la revista Time El art\u00edculo [&hellip;]<\/p>\n","protected":false},"author":9,"featured_media":0,"comment_status":"open","ping_status":"open","sticky":false,"template":"","format":"standard","meta":{"site-sidebar-layout":"default","site-content-layout":"","ast-site-content-layout":"default","site-content-style":"default","site-sidebar-style":"default","ast-global-header-display":"","ast-banner-title-visibility":"","ast-main-header-display":"","ast-hfb-above-header-display":"","ast-hfb-below-header-display":"","ast-hfb-mobile-header-display":"","site-post-title":"","ast-breadcrumbs-content":"","ast-featured-img":"","footer-sml-layout":"","ast-disable-related-posts":"","theme-transparent-header-meta":"","adv-header-id-meta":"","stick-header-meta":"","header-above-stick-meta":"","header-main-stick-meta":"","header-below-stick-meta":"","astra-migrate-meta-layouts":"default","ast-page-background-enabled":"default","ast-page-background-meta":{"desktop":{"background-color":"","background-image":"","background-repeat":"repeat","background-position":"center center","background-size":"auto","background-attachment":"scroll","background-type":"","background-media":"","overlay-type":"","overlay-color":"","overlay-opacity":"","overlay-gradient":""},"tablet":{"background-color":"","background-image":"","background-repeat":"repeat","background-position":"center center","background-size":"auto","background-attachment":"scroll","background-type":"","background-media":"","overlay-type":"","overlay-color":"","overlay-opacity":"","overlay-gradient":""},"mobile":{"background-color":"","background-image":"","background-repeat":"repeat","background-position":"center center","background-size":"auto","background-attachment":"scroll","background-type":"","background-media":"","overlay-type":"","overlay-color":"","overlay-opacity":"","overlay-gradient":""}},"ast-content-background-meta":{"desktop":{"background-color":"var(--ast-global-color-5)","background-image":"","background-repeat":"repeat","background-position":"center center","background-size":"auto","background-attachment":"scroll","background-type":"","background-media":"","overlay-type":"","overlay-color":"","overlay-opacity":"","overlay-gradient":""},"tablet":{"background-color":"var(--ast-global-color-5)","background-image":"","background-repeat":"repeat","background-position":"center center","background-size":"auto","background-attachment":"scroll","background-type":"","background-media":"","overlay-type":"","overlay-color":"","overlay-opacity":"","overlay-gradient":""},"mobile":{"background-color":"var(--ast-global-color-5)","background-image":"","background-repeat":"repeat","background-position":"center center","background-size":"auto","background-attachment":"scroll","background-type":"","background-media":"","overlay-type":"","overlay-color":"","overlay-opacity":"","overlay-gradient":""}},"footnotes":""},"categories":[25],"tags":[],"class_list":["post-101687","post","type-post","status-publish","format-standard","hentry","category-destacado"],"spectra_blocks_featured_image_url":null,"spectra_blocks_author_info":{"display_name":"Jorge Alfredo Baret","avatar_url":"https:\/\/secure.gravatar.com\/avatar\/31696f5ca83439b642450ec7d3f82f98451a5efacb414343d5478c982b337f26?s=96&d=mm&r=g","author_link":"https:\/\/100xd.com.ar\/en\/author\/jorge\/","description":"Ingeniero Qu\u00edmico UTN - Director Apoderado de Comunicaciones Auditadas SA. Editor Responsable 100xd.com.ar."},"_links":{"self":[{"href":"https:\/\/100xd.com.ar\/en\/wp-json\/wp\/v2\/posts\/101687","targetHints":{"allow":["GET"]}}],"collection":[{"href":"https:\/\/100xd.com.ar\/en\/wp-json\/wp\/v2\/posts"}],"about":[{"href":"https:\/\/100xd.com.ar\/en\/wp-json\/wp\/v2\/types\/post"}],"author":[{"embeddable":true,"href":"https:\/\/100xd.com.ar\/en\/wp-json\/wp\/v2\/users\/9"}],"replies":[{"embeddable":true,"href":"https:\/\/100xd.com.ar\/en\/wp-json\/wp\/v2\/comments?post=101687"}],"version-history":[{"count":1,"href":"https:\/\/100xd.com.ar\/en\/wp-json\/wp\/v2\/posts\/101687\/revisions"}],"predecessor-version":[{"id":101689,"href":"https:\/\/100xd.com.ar\/en\/wp-json\/wp\/v2\/posts\/101687\/revisions\/101689"}],"wp:attachment":[{"href":"https:\/\/100xd.com.ar\/en\/wp-json\/wp\/v2\/media?parent=101687"}],"wp:term":[{"taxonomy":"category","embeddable":true,"href":"https:\/\/100xd.com.ar\/en\/wp-json\/wp\/v2\/categories?post=101687"},{"taxonomy":"post_tag","embeddable":true,"href":"https:\/\/100xd.com.ar\/en\/wp-json\/wp\/v2\/tags?post=101687"}],"curies":[{"name":"wp","href":"https:\/\/api.w.org\/{rel}","templated":true}]}}