{"id":101192,"date":"2024-05-12T12:03:32","date_gmt":"2024-05-12T15:03:32","guid":{"rendered":"https:\/\/100xd.com.ar\/?p=101192"},"modified":"2024-05-12T12:03:32","modified_gmt":"2024-05-12T15:03:32","slug":"como-dejar-atras-la-cicatriz-de-nuestro-atraso","status":"publish","type":"post","link":"https:\/\/100xd.com.ar\/en\/como-dejar-atras-la-cicatriz-de-nuestro-atraso\/","title":{"rendered":"C\u00f3mo dejar atr\u00e1s la cicatriz de nuestro atraso"},"content":{"rendered":"<p class=\"wp-block-paragraph\">Esfuerzo, m\u00e9rito, excelencia, examen, evaluaci\u00f3n, calificaci\u00f3n, puntaje, aprobaci\u00f3n y reprobaci\u00f3n, premio y sanci\u00f3n, orden y disciplina, competencia y eficiencia, equilibrio fiscal y moneda sana fueron valores censurados durante los 49 d\u00edas del breve mandato de&nbsp;<strong>H\u00e9ctor J. C\u00e1mpora<\/strong>&nbsp;en 1973. Ese fugaz legado del \u201csocialismo nacional\u201d fue resucitado m\u00e1s tarde por los cuatro kirchnerismos, en una regresi\u00f3n insensata que se extendi\u00f3 casi 1500 d\u00edas, hasta que&nbsp;<mark>la naci\u00f3n qued\u00f3 exhausta y extraviada, con niveles de pobreza y corrupci\u00f3n nunca antes vistos<\/mark>.<\/p>\n\n\n\n<p class=\"wp-block-paragraph\"><a href=\"https:\/\/www.lanacion.com.ar\/editoriales\/la-indeleble-cicatriz-del-73-nid05052024\/\">Hace una semana<\/a>, desde esta columna, se\u00f1alamos que la demolici\u00f3n de aquellos valores, virtudes de la clase media, tuvo por objeto reemplazarla por una sociedad de pobres, sometida a una hegemon\u00eda populista mediante cargos pol\u00edticos, empleos p\u00fablicos y subsidios por doquier. Costar\u00e1 mucho recrear la cultura del trabajo, de derechos con obligaciones, del m\u00e9rito y el esfuerzo para sacar al pa\u00eds adelante, luego de la perversa involuci\u00f3n de las \u00faltimas dos d\u00e9cadas.<\/p>\n\n\n\n<p class=\"wp-block-paragraph\">La cicatriz del \u201873, que todav\u00eda marca el da\u00f1o provocado a los valores colectivos m\u00e1s preciados, tambi\u00e9n refleja el embate realizado desde entonces contra los principios b\u00e1sicos de la econom\u00eda. Aquellos mediante los cuales \u201cse cura, se come y se educa\u201d como bien lo formul\u00f3&nbsp;<strong>Ra\u00fal Alfonsin<\/strong>, aunque la deuda \u00e9tica contin\u00fae impaga.<\/p>\n\n\n\n<blockquote class=\"wp-block-quote is-layout-flow wp-block-quote-is-layout-flow\"><p>Costar\u00e1 mucho recrear la cultura del trabajo, de derechos con obligaciones, del m\u00e9rito y el esfuerzo para sacar al pa\u00eds adelante, luego de la perversa involuci\u00f3n de las \u00faltimas dos d\u00e9cadas<\/p><\/blockquote>\n\n\n\n<p class=\"wp-block-paragraph\">Desde que se nacionaliz\u00f3 el&nbsp;<strong>Banco Central<\/strong>&nbsp;en 1946, comenz\u00f3 una espiral de emisi\u00f3n monetaria e inflaci\u00f3n, cuyo correlato fueron los controles, la inestabilidad y la fuga de capitales. Durante la gesti\u00f3n de&nbsp;<strong>Arturo Frondizi<\/strong>&nbsp;(1958-62) se lograron grandes inversiones de capital extranjero en el sector petrolero y en diversas actividades industriales, como el acero, la petroqu\u00edmica y la automotriz. Pero el radicalismo anul\u00f3 los contratos de hidrocarburos (1963) y, diez a\u00f1os m\u00e1s tarde, lo for\u00e1neo se hizo anatema y aquellas \u201cdesnacionalizaciones\u201d, enemigas de la soberan\u00eda.<\/p>\n\n\n\n<p class=\"wp-block-paragraph\">En su discurso inaugural del 25 de mayo de 1973, C\u00e1mpora dio un giro marxista al peronismo de su mentor y, conforme a la teor\u00eda de la dependencia, puso como eje del desarrollo la \u201cliberaci\u00f3n\u201d del pueblo argentino. Propuso detener la \u201centrega\u201d de las riquezas nacionales a las multinacionales desconociendo que, sin inversiones, los recursos naturales se mantienen, imp\u00e1vidos, en las entra\u00f1as de la Naturaleza.&nbsp;<mark>La persistente cicatriz del \u201873 hace repetir esas expresiones, con bombos y redoblantes, hasta el d\u00eda de hoy.<\/mark><\/p>\n\n\n\n<p class=\"wp-block-paragraph\">En reemplazo del censurado \u201cmodelo agroexportador\u201d, se opt\u00f3 por sustituir importaciones de bienes finales para evitar depender de las metr\u00f3polis, impulsando industrias livianas con cr\u00e9ditos baratos y alt\u00edsima protecci\u00f3n arancelaria. Pero las nuevas f\u00e1bricas requirieron de insumos y equipos importados, demandando divisas que ellas eran incapaces de generar. El absurdo r\u00e9gimen que inventaron los militares para ocupar Tierra del Fuego en 1972 es un museo viviente de ese pasado.<\/p>\n\n\n\n<blockquote class=\"wp-block-quote is-layout-flow wp-block-quote-is-layout-flow\"><p>En 1973 se cre\u00eda posible que el pa\u00eds creciese sin capitales y, por lo tanto, no hubo incentivo alguno a las inversiones, sino todo lo contrario<\/p><\/blockquote>\n\n\n\n<p class=\"wp-block-paragraph\">La autarqu\u00eda provoca \u201ccuellos de botella\u201d que limitan el crecimiento al racionarse las importaciones. Si el campo no puede proveer los d\u00f3lares suficientes, se imponen \u201ccepos cambiarios\u201d para administrar la escasez, como lo sabe&nbsp;<strong>Sergio Massa<\/strong>, quien los aprovech\u00f3 negociando permisos entre bambalinas.&nbsp;<mark>Sin mejoras de productividad, cada crisis ser\u00e1 siempre sucedida por devaluaciones para reducir costos bajando salarios. Este era el&nbsp;<em>leit motiv<\/em>&nbsp;de la pol\u00edtica econ\u00f3mica en 1973 y lo sigue siendo ahora.<\/mark><\/p>\n\n\n\n<p class=\"wp-block-paragraph\">A falta de mercado de capitales, el Estado Nacional pas\u00f3 a tomar un rol preeminente, pues deb\u00eda reemplazar a las multinacionales \u2013entonces denostadas\u2013 como impulsor del desarrollo, cre\u00e1ndose una Corporaci\u00f3n de Empresas Nacionales para su control pol\u00edtico. Del brazo de ellas, con favores y prebendas, se form\u00f3 una nueva \u201cburgues\u00eda nacional\u201d, simpatizante del r\u00e9gimen cubano, para ocupar el lugar de extranjeros y \u201cvendepatrias\u201d. Se consolid\u00f3 as\u00ed una trama de intereses con amigos del poder, quienes, mostrando bolsillos falsamente vac\u00edos, lograron pr\u00e9stamos del ex&nbsp;<strong>Banco Nacional de Desarrollo (Banade)<\/strong>, avales de la Secretar\u00eda de Hacienda y desgravaciones de impuestos que sirvieron para \u201cinflar\u201d proyectos y pagar sobreprecios a proveedores que los retornaban sin sonrojarse. Entonces no se exig\u00eda declarar \u201cel origen de los fondos\u201d, como ahora. El banco se fundi\u00f3, los avales ca\u00eddos no se devolvieron y la inflaci\u00f3n erosion\u00f3 las deudas al fisco que se devolvieron con \u201cchirolas\u201d.<\/p>\n\n\n\n<p class=\"wp-block-paragraph\">A instancias del ministro&nbsp;<strong>Jos\u00e9 Ber Gelbard<\/strong>, el 15 de junio de aquel a\u00f1o se firm\u00f3 un&nbsp;<mark>pacto social<\/mark>, para estabilizar la econom\u00eda mediante una \u201cconcertaci\u00f3n\u201d corporativa entre el Estado, las empresas y los sindicatos. Pero, como el alacr\u00e1n y la rana, el peronismo no pudo con su ADN y continu\u00f3 gastando, con precios y salarios controlados. As\u00ed estall\u00f3 el&nbsp;<mark>\u201cRodrigazo\u201d<\/mark>&nbsp;del 4 de junio de 1975, celebraci\u00f3n memorable del 32\u00ba. aniversario del golpe militar que condujo m\u00e1s tarde al coronel&nbsp;<strong>Juan Per\u00f3n<\/strong>&nbsp;al poder.<\/p>\n\n\n\n<blockquote class=\"wp-block-quote is-layout-flow wp-block-quote-is-layout-flow\"><p>Esa dram\u00e1tica realidad a\u00fan caracteriza a la Argentina. No habr\u00e1 soluci\u00f3n duradera si no existe una profunda reconversi\u00f3n productiva para lograr competitividad<\/p><\/blockquote>\n\n\n\n<p class=\"wp-block-paragraph\">Todos esos manejos, pactos y acuerdos part\u00edan de premisas ideol\u00f3gicas erradas, cuyas cicatrices a\u00fan perduran. En 1973 se cre\u00eda posible que el pa\u00eds creciese sin capitales y, por lo tanto, no hubo incentivo alguno a las inversiones, sino todo lo contrario. La famosa \u201crestricci\u00f3n externa\u201d y sus \u201ccuellos de botella\u201d cambiarios, eran vistos como \u201cmaldiciones b\u00edblicas\u201d insuperables. Mientras&nbsp;<strong>Guido Di Tella<\/strong>&nbsp;suger\u00eda m\u00e1s inversiones estatales en industrias b\u00e1sicas para completar la integraci\u00f3n vertical,&nbsp;<strong>Marcelo Diamand<\/strong>&nbsp;(le\u00eddo en el Instituto Patria) ped\u00eda m\u00e1s subsidios para exportar y un Banco Central m\u00e1s d\u00f3cil a sus necesidades. Ante el fracaso del modelo que \u00e9l mismo hab\u00eda inspirado,&nbsp;<strong>Aldo Ferrer<\/strong>&nbsp;propuso, resignado, \u201cvivir con lo nuestro\u201d (1983).<\/p>\n\n\n\n<p class=\"wp-block-paragraph\">Por aquel entonces, nadie quer\u00eda reconocer que el rey estaba desnudo, pues todos sab\u00edan que la soluci\u00f3n era aumentar la productividad conforme a los manuales de econom\u00eda. Pero ese giro a la ortodoxia estaba vedado y se profundizaron los desv\u00edos. No interes\u00f3, como ejemplo, el modelo italiano de industrias medianas, creadoras de alto valor agregado con tecnolog\u00eda, dise\u00f1o y calidad, en lugar de insistir con \u201celefantes blancos\u201d, sumideros de fondos p\u00fablicos en provecho de bolsillos privados e irrelevantes para evitar las crisis cambiarias y los ajustes posteriores.<\/p>\n\n\n\n<p class=\"wp-block-paragraph\">Esa dram\u00e1tica realidad a\u00fan caracteriza a la Argentina.&nbsp;<mark>No habr\u00e1 soluci\u00f3n duradera si no existe una profunda reconversi\u00f3n productiva, para lograr competitividad.<\/mark>&nbsp;Es la manera de elevar el nivel de vida de forma genuina sin aumentos nominales de salarios ni devaluaciones peri\u00f3dicas para ocultar ineficiencias con ajustes. Ello requiere abundancia de capitales, palabra censurada en 1973 e ignorada durante el \u201crevival\u201d camporista, como lo expuso&nbsp;<strong>Axel Kicillof<\/strong>&nbsp;en el Senado de la Naci\u00f3n en 2012, al declarar que la seguridad jur\u00eddica era una \u201cpalabra horrible\u201d para su visi\u00f3n de desarrollo productivo con inclusi\u00f3n social.<\/p>\n\n\n\n<blockquote class=\"wp-block-quote is-layout-flow wp-block-quote-is-layout-flow\"><p>La desregulaci\u00f3n que intenta Javier Milei no tiene solo por objeto simplificar la vida cotidiana de las personas, sino reducir costos que tienen due\u00f1os, pero cuya subsistencia podr\u00eda impedir que las empresas puedan abrirse al mundo borrando la cicatriz de atraso que nos ha marcado durante medio siglo y en cuya defensa se movilizan ahora los principales factores de poder<\/p><\/blockquote>\n\n\n\n<p class=\"wp-block-paragraph\">No basta con bajar aranceles de importaci\u00f3n para evitar subas de precios.&nbsp;<mark>Es fundamental reducir el \u201ccosto argentino\u201d para que las empresas puedan competir en un mundo impiadoso. Bajar el riesgo pa\u00eds para acceder al capital de largo plazo, reducir la presi\u00f3n fiscal, eliminar impuestos distorsivos, disminuir el costo laboral, quitar los privilegios sindicales y tambi\u00e9n los sectoriales con sus mercados cautivos.<\/mark><\/p>\n\n\n\n<p class=\"wp-block-paragraph\">La desregulaci\u00f3n que intenta\u00a0<strong>Javier Milei<\/strong>\u00a0no tiene solo por objeto simplificar la vida cotidiana de las personas, sino reducir costos que tienen due\u00f1os, pero cuya subsistencia podr\u00eda impedir que las empresas puedan abrirse al mundo borrando la cicatriz de atraso que nos ha marcado durante medio siglo y en cuya defensa se movilizan ahora los principales factores de poder.<\/p>\n\n\n\n<p class=\"wp-block-paragraph\">Fuente:<a href=\"https:\/\/www.lanacion.com.ar\/\"> La Naci\u00f3n<\/a><\/p>","protected":false},"excerpt":{"rendered":"<p>Esfuerzo, m\u00e9rito, excelencia, examen, evaluaci\u00f3n, calificaci\u00f3n, puntaje, aprobaci\u00f3n y reprobaci\u00f3n, premio y sanci\u00f3n, orden y disciplina, competencia y eficiencia, equilibrio fiscal y moneda sana fueron valores censurados durante los 49 d\u00edas del breve mandato de&nbsp;H\u00e9ctor J. C\u00e1mpora&nbsp;en 1973. Ese fugaz legado del \u201csocialismo nacional\u201d fue resucitado m\u00e1s tarde por los cuatro kirchnerismos, en una regresi\u00f3n [&hellip;]<\/p>\n","protected":false},"author":9,"featured_media":0,"comment_status":"open","ping_status":"open","sticky":false,"template":"","format":"standard","meta":{"site-sidebar-layout":"default","site-content-layout":"","ast-site-content-layout":"default","site-content-style":"default","site-sidebar-style":"default","ast-global-header-display":"","ast-banner-title-visibility":"","ast-main-header-display":"","ast-hfb-above-header-display":"","ast-hfb-below-header-display":"","ast-hfb-mobile-header-display":"","site-post-title":"","ast-breadcrumbs-content":"","ast-featured-img":"","footer-sml-layout":"","ast-disable-related-posts":"","theme-transparent-header-meta":"","adv-header-id-meta":"","stick-header-meta":"","header-above-stick-meta":"","header-main-stick-meta":"","header-below-stick-meta":"","astra-migrate-meta-layouts":"default","ast-page-background-enabled":"default","ast-page-background-meta":{"desktop":{"background-color":"","background-image":"","background-repeat":"repeat","background-position":"center center","background-size":"auto","background-attachment":"scroll","background-type":"","background-media":"","overlay-type":"","overlay-color":"","overlay-opacity":"","overlay-gradient":""},"tablet":{"background-color":"","background-image":"","background-repeat":"repeat","background-position":"center center","background-size":"auto","background-attachment":"scroll","background-type":"","background-media":"","overlay-type":"","overlay-color":"","overlay-opacity":"","overlay-gradient":""},"mobile":{"background-color":"","background-image":"","background-repeat":"repeat","background-position":"center center","background-size":"auto","background-attachment":"scroll","background-type":"","background-media":"","overlay-type":"","overlay-color":"","overlay-opacity":"","overlay-gradient":""}},"ast-content-background-meta":{"desktop":{"background-color":"var(--ast-global-color-5)","background-image":"","background-repeat":"repeat","background-position":"center center","background-size":"auto","background-attachment":"scroll","background-type":"","background-media":"","overlay-type":"","overlay-color":"","overlay-opacity":"","overlay-gradient":""},"tablet":{"background-color":"var(--ast-global-color-5)","background-image":"","background-repeat":"repeat","background-position":"center center","background-size":"auto","background-attachment":"scroll","background-type":"","background-media":"","overlay-type":"","overlay-color":"","overlay-opacity":"","overlay-gradient":""},"mobile":{"background-color":"var(--ast-global-color-5)","background-image":"","background-repeat":"repeat","background-position":"center center","background-size":"auto","background-attachment":"scroll","background-type":"","background-media":"","overlay-type":"","overlay-color":"","overlay-opacity":"","overlay-gradient":""}},"footnotes":""},"categories":[149],"tags":[],"class_list":["post-101192","post","type-post","status-publish","format-standard","hentry","category-entrevistas"],"spectra_blocks_featured_image_url":null,"spectra_blocks_author_info":{"display_name":"Jorge Alfredo Baret","avatar_url":"https:\/\/secure.gravatar.com\/avatar\/31696f5ca83439b642450ec7d3f82f98451a5efacb414343d5478c982b337f26?s=96&d=mm&r=g","author_link":"https:\/\/100xd.com.ar\/en\/author\/jorge\/","description":"Ingeniero Qu\u00edmico UTN - Director Apoderado de Comunicaciones Auditadas SA. Editor Responsable 100xd.com.ar."},"_links":{"self":[{"href":"https:\/\/100xd.com.ar\/en\/wp-json\/wp\/v2\/posts\/101192","targetHints":{"allow":["GET"]}}],"collection":[{"href":"https:\/\/100xd.com.ar\/en\/wp-json\/wp\/v2\/posts"}],"about":[{"href":"https:\/\/100xd.com.ar\/en\/wp-json\/wp\/v2\/types\/post"}],"author":[{"embeddable":true,"href":"https:\/\/100xd.com.ar\/en\/wp-json\/wp\/v2\/users\/9"}],"replies":[{"embeddable":true,"href":"https:\/\/100xd.com.ar\/en\/wp-json\/wp\/v2\/comments?post=101192"}],"version-history":[{"count":1,"href":"https:\/\/100xd.com.ar\/en\/wp-json\/wp\/v2\/posts\/101192\/revisions"}],"predecessor-version":[{"id":101194,"href":"https:\/\/100xd.com.ar\/en\/wp-json\/wp\/v2\/posts\/101192\/revisions\/101194"}],"wp:attachment":[{"href":"https:\/\/100xd.com.ar\/en\/wp-json\/wp\/v2\/media?parent=101192"}],"wp:term":[{"taxonomy":"category","embeddable":true,"href":"https:\/\/100xd.com.ar\/en\/wp-json\/wp\/v2\/categories?post=101192"},{"taxonomy":"post_tag","embeddable":true,"href":"https:\/\/100xd.com.ar\/en\/wp-json\/wp\/v2\/tags?post=101192"}],"curies":[{"name":"wp","href":"https:\/\/api.w.org\/{rel}","templated":true}]}}