{"id":101168,"date":"2024-05-11T13:18:51","date_gmt":"2024-05-11T16:18:51","guid":{"rendered":"https:\/\/100xd.com.ar\/?p=101168"},"modified":"2024-05-11T13:18:51","modified_gmt":"2024-05-11T16:18:51","slug":"paula-pareto-y-su-entrenadora-renunciaron-a-sus-becas-para-poder-financiar-a-otros-atletas-ante-el-fuerte-recorte-que-sufre-el-judo","status":"publish","type":"post","link":"https:\/\/100xd.com.ar\/en\/paula-pareto-y-su-entrenadora-renunciaron-a-sus-becas-para-poder-financiar-a-otros-atletas-ante-el-fuerte-recorte-que-sufre-el-judo\/","title":{"rendered":"Paula Pareto y su entrenadora renunciaron a sus becas para poder financiar a otros atletas ante el fuerte recorte que sufre el judo"},"content":{"rendered":"<p class=\"wp-block-paragraph\">A falta de dos meses y medio para el inicio de los Juegos Ol\u00edmpicos de Par\u00eds, el deporte argentino sufre del recorte presupuestario que impulsa la Secretar\u00eda de Deportes a cargo de Julio Garro. Ante esta situaci\u00f3n,&nbsp;<strong>Laura Martinel y Paula Pareto<\/strong>&nbsp;salieron en los medios a comunicar la situaci\u00f3n del judo en Argentina y tomaron la decisi\u00f3n de renunciar a sus becas para poder financiar a otros atletas.<\/p>\n\n\n\n<p class=\"wp-block-paragraph\">Martinel es la Directora T\u00e9cnica Nacional de la Confederaci\u00f3n Argentina de Judo y es la hist\u00f3rica entrenadora de la Peque, bronce en Beijing 2008 y oro en R\u00edo de Janeiro 2016, que hoy est\u00e1 a cargo de las selecciones juveniles sub 13, sub 15 y sub 18.<\/p>\n\n\n\n<p class=\"wp-block-paragraph\">&#8220;Estamos en un momento complicado porque es la renovaci\u00f3n de las becas y&nbsp;<strong>resulta que quieren hacer un recorte temendo en la cantidad de becarios<\/strong>. Hay becas por ENARD (Ente Nacional de Alto Rendimiento Deportivo), becas por Secretar\u00eda de Deportes y hay becarios que se duplican, que tienen beca de la Secretaria y del Enard.&nbsp;<strong>Tenemos 18 becarios, pero se le ha pedido a la Confederaci\u00f3n Argentina de Judo que solamente queden 4<\/strong>. Pone en riesgo nuestro deporte porque necesitamos tener una masa activa de deportistas entrenando y obviamente, los entrenadores&#8221;, explic\u00f3 Martinel en di\u00e1logo con la se\u00f1al TyC Sports.<img loading=\"lazy\" decoding=\"async\" alt=\"Paula Pareto logr\u00f3 el oro en la categor\u00eda de hasta 48kg en los juegos de R\u00edo 2016. (AP)\" src=\"https:\/\/www.clarin.com\/img\/2016\/08\/07\/ByeJRj3FEl_720x0.jpg\" width=\"720\" height=\"480\" title=\"Paula Pareto y su entrenadora renunciaron a sus becas para poder financiar a otros atletas ante el fuerte recorte que sufre el judo\">Paula Pareto logr\u00f3 el oro en la categor\u00eda de hasta 48kg en los juegos de R\u00edo 2016. (AP)<\/p>\n\n\n\n<p class=\"wp-block-paragraph\">&#8220;Se me puso en la dif\u00edcil situaci\u00f3n de realizar esta poda, que la verdad no estoy dispuesta a hacer porque no me parece justo y porque pienso que es firmarle el acta de defunci\u00f3n a mi deporte.&nbsp;<strong>As\u00ed que pensando c\u00f3mo hacer para poder retener la mayor cantidad de becarios posibles es que decid\u00ed ceder, renunciar a mi beca de la Secretar\u00eda de Deportes para que haya m\u00e1s financiamiento para m\u00e1s atletas<\/strong>&nbsp;y Paula (por Pareto) cuando le comento esto que est\u00e1 pasando me dijo que&nbsp;<em>&#8216;yo tambi\u00e9n renuncio a la m\u00eda&#8217;<\/em>. As\u00ed que hemos decidido las dos renunciar para que esos fondos vayan destinados a financiar a m\u00e1s atletas&#8221;, anunci\u00f3 la&nbsp;<em>Head Coach<\/em>&nbsp;argentina.<\/p>\n\n\n\n<p class=\"wp-block-paragraph\">Martinel dio detalles de los montos que se quieren recortar: &#8220;Los 18 becarios que solo tienen beca de Secretar\u00eda de Deportes<strong>&nbsp;suman 2 millones de pesos por mes.<\/strong>&nbsp;Y en total hay 34, son 16 los que tienen doble beca. Estamos hablando de 375, 400 mil pesos por atleta por mes&#8221;.<\/p>\n\n\n\n<p class=\"wp-block-paragraph\">En tanto, Pareto confirm\u00f3 su decisi\u00f3n de renunciar a la beca y pidi\u00f3 &#8220;coherencia&#8221; para que el deporte argentino pueda seguir creciendo: &#8220;<strong>Es dur\u00edsimo porque de 18 a 4 es un n\u00famero que es muy dif\u00edcil de manejar, es muy dif\u00edcil hablarlo con los chicos.<\/strong>&nbsp;A m\u00ed desde el punto de vista de atleta me hubiese pesado. Hay muchos chicos que est\u00e1n viviendo en Buenos Aires pagando alquileres y cosas que ya les cuesta un mont\u00f3n y decirles de un d\u00eda para el otro que van a tener una entrada menos es duro, as\u00ed se van a terminar yendo a sus casa de vuelta y el deporte deja de crecer. M\u00e1s all\u00e1 de la tristeza que eso les conlleva, porque ya es un esfuerzo muy grande el que hacen de dejar a sus familias y a sus amigos en sus respectivas provincias y cuando pasan estas cosas es como que se desacomoda todo y no se lo merecen&#8221;.<\/p>\n\n\n\n<p class=\"wp-block-paragraph\">&#8220;<strong>Por eso tom\u00e9 la misma decisi\u00f3n que tom\u00f3 Laura<\/strong>, por lo menos si sirve de algo aportar de nuestro lado la parte econ\u00f3mica cediendo la beca nuestra para poder apoyar ah\u00ed. Es el equipo que armamos en el judo y es as\u00ed<strong><em>&nbsp;&#8216;hoy por t\u00ed, ma\u00f1ana por m\u00ed&#8217;<\/em><\/strong>. Pero m\u00e1s all\u00e1 de eso, creo que se tiene que rever porque es insostenible. Cuando sos atleta te exigen resultados, pero cada vez te dan menos. Tambi\u00e9n hay que ser un poco coherentes en lo que se exige y en lo que se da.&nbsp;<strong>Con la creaci\u00f3n del ENARD fue un apoyo importante y las cosas empezaron a cambiar, pero hoy se vuelve a complicar con estas cosas.<\/strong>&nbsp;Y lo que queremos es que se conozca para no seguir embarrando el deporte, para ser l\u00f3gicos entre lo que se pide y lo que se da. Y que todos apuntemos para el mismo lado.&nbsp;<strong>Si queremos que crezca la bandera argentina tambi\u00e9n tenemos que apoyar el deporte<\/strong>&#8220;, dijo Pareto.<\/p>\n\n\n\n<p class=\"wp-block-paragraph\">&#8220;Yo siempre digo que de pol\u00edtica no hablo porque no entiendo, pero que bajen de 18 a 4 el n\u00famero de atletas es dif\u00edcil. Yo no s\u00e9 qu\u00e9 se habl\u00f3 en la charla que se tuvo con la Confederaci\u00f3n, pero creo que siempre se hacen negociaciones, pero creo que esta vez no hubo ninguna negociaci\u00f3n.<strong>&nbsp;Es dif\u00edcil, la verdad es que lo \u00fanico que puedo decir es que a m\u00ed me da mucha tristeza que pase esto, que por lo menos los chicos de judo puedan seguir entrenando y compitiendo<\/strong>. Como ex deportista me da mucha tristeza y como parte del cuerpo t\u00e9cnico tambi\u00e9n&#8221;.https:\/\/48085b8f0ccb543546fec7256b1cc58e.safeframe.googlesyndication.com\/safeframe\/1-0-40\/html\/container.html<img loading=\"lazy\" decoding=\"async\" alt=\"Pareto junto a Laura Martinel en la Villa Ol\u00edmpica de R\u00edo 2016. (Lorena Lucca)\" src=\"https:\/\/www.clarin.com\/img\/2020\/03\/02\/ALth2kSj_720x0__1.jpg\" width=\"720\" height=\"480\" title=\"Paula Pareto y su entrenadora renunciaron a sus becas para poder financiar a otros atletas ante el fuerte recorte que sufre el judo\">Pareto junto a Laura Martinel en la Villa Ol\u00edmpica de R\u00edo 2016. (Lorena Lucca)<\/p>\n\n\n\n<p class=\"wp-block-paragraph\">Pareto explic\u00f3 que es &#8220;coordinadora general del equipo de alto rendimiento sub 13, sub 15 y sub 18. As\u00ed como Lau es la&nbsp;<em>Head Coach<\/em>, la jefa de todos nosotros, yo soy la sub-jefa de todos los entrenadores que est\u00e1n a cargo de las selecciones juveniles&#8221;.<\/p>\n\n\n\n<p class=\"wp-block-paragraph\">Martinel agreg\u00f3 m\u00e1s detalles: &#8220;Yo no estuve en la reuni\u00f3n entre la Confederaci\u00f3n y la Secretar\u00eda,&nbsp;<strong>pero desde la Secretar\u00eda tienen un n\u00famero que tiene que cerrar y la manera que tienen de que cierre es haciendo esta poda<\/strong>. Por eso se me ocurri\u00f3 esto, renunciamos a nuestras becas para que ese dinero vaya a financiar a m\u00e1s atletas. Porque nosotras s\u00ed tenemos en la cabeza el deporte que queremos y una estrategia para el desarrollo de nuestro deporte. Y adem\u00e1s un chico que hoy tiene 23 a\u00f1os es el que necesitamos para el 2028. Y los m\u00e1s j\u00f3venes va a costar mucho m\u00e1s que lleguen. Entonces si nos quedamos sin esa camada, estamos perdiendo un ciclo&#8221;.<\/p>\n\n\n\n<p class=\"wp-block-paragraph\">Por \u00faltimo, Pareto dej\u00f3 pendiente otro tema que se trat\u00f3 entre los atletas argentinos y es qu\u00e9 ocurrir\u00e1 con el financiamiento del deporte despu\u00e9s de Par\u00eds 24: &#8220;Hay mucha preocupaci\u00f3n en la Comisi\u00f3n de Atletas porque no se sabe qu\u00e9 va a pasar despu\u00e9s de Par\u00eds. Hoy los ojos est\u00e1n puestos en los Juegos Ol\u00edmpicos, pero despu\u00e9s no hay ninguna certeza&#8221;.<\/p>\n\n\n\n<p class=\"wp-block-paragraph\">Fuente:<a href=\"https:\/\/www.clarin.com\/\"> Clar\u00edn.com<\/a><\/p>","protected":false},"excerpt":{"rendered":"<p>A falta de dos meses y medio para el inicio de los Juegos Ol\u00edmpicos de Par\u00eds, el deporte argentino sufre del recorte presupuestario que impulsa la Secretar\u00eda de Deportes a cargo de Julio Garro. Ante esta situaci\u00f3n,&nbsp;Laura Martinel y Paula Pareto&nbsp;salieron en los medios a comunicar la situaci\u00f3n del judo en Argentina y tomaron la [&hellip;]<\/p>\n","protected":false},"author":9,"featured_media":0,"comment_status":"open","ping_status":"open","sticky":false,"template":"","format":"standard","meta":{"site-sidebar-layout":"default","site-content-layout":"","ast-site-content-layout":"default","site-content-style":"default","site-sidebar-style":"default","ast-global-header-display":"","ast-banner-title-visibility":"","ast-main-header-display":"","ast-hfb-above-header-display":"","ast-hfb-below-header-display":"","ast-hfb-mobile-header-display":"","site-post-title":"","ast-breadcrumbs-content":"","ast-featured-img":"","footer-sml-layout":"","ast-disable-related-posts":"","theme-transparent-header-meta":"","adv-header-id-meta":"","stick-header-meta":"","header-above-stick-meta":"","header-main-stick-meta":"","header-below-stick-meta":"","astra-migrate-meta-layouts":"default","ast-page-background-enabled":"default","ast-page-background-meta":{"desktop":{"background-color":"","background-image":"","background-repeat":"repeat","background-position":"center center","background-size":"auto","background-attachment":"scroll","background-type":"","background-media":"","overlay-type":"","overlay-color":"","overlay-opacity":"","overlay-gradient":""},"tablet":{"background-color":"","background-image":"","background-repeat":"repeat","background-position":"center center","background-size":"auto","background-attachment":"scroll","background-type":"","background-media":"","overlay-type":"","overlay-color":"","overlay-opacity":"","overlay-gradient":""},"mobile":{"background-color":"","background-image":"","background-repeat":"repeat","background-position":"center center","background-size":"auto","background-attachment":"scroll","background-type":"","background-media":"","overlay-type":"","overlay-color":"","overlay-opacity":"","overlay-gradient":""}},"ast-content-background-meta":{"desktop":{"background-color":"var(--ast-global-color-5)","background-image":"","background-repeat":"repeat","background-position":"center center","background-size":"auto","background-attachment":"scroll","background-type":"","background-media":"","overlay-type":"","overlay-color":"","overlay-opacity":"","overlay-gradient":""},"tablet":{"background-color":"var(--ast-global-color-5)","background-image":"","background-repeat":"repeat","background-position":"center center","background-size":"auto","background-attachment":"scroll","background-type":"","background-media":"","overlay-type":"","overlay-color":"","overlay-opacity":"","overlay-gradient":""},"mobile":{"background-color":"var(--ast-global-color-5)","background-image":"","background-repeat":"repeat","background-position":"center center","background-size":"auto","background-attachment":"scroll","background-type":"","background-media":"","overlay-type":"","overlay-color":"","overlay-opacity":"","overlay-gradient":""}},"footnotes":""},"categories":[11],"tags":[],"class_list":["post-101168","post","type-post","status-publish","format-standard","hentry","category-deportes"],"spectra_blocks_featured_image_url":null,"spectra_blocks_author_info":{"display_name":"Jorge Alfredo Baret","avatar_url":"https:\/\/secure.gravatar.com\/avatar\/31696f5ca83439b642450ec7d3f82f98451a5efacb414343d5478c982b337f26?s=96&d=mm&r=g","author_link":"https:\/\/100xd.com.ar\/en\/author\/jorge\/","description":"Ingeniero Qu\u00edmico UTN - Director Apoderado de Comunicaciones Auditadas SA. Editor Responsable 100xd.com.ar."},"_links":{"self":[{"href":"https:\/\/100xd.com.ar\/en\/wp-json\/wp\/v2\/posts\/101168","targetHints":{"allow":["GET"]}}],"collection":[{"href":"https:\/\/100xd.com.ar\/en\/wp-json\/wp\/v2\/posts"}],"about":[{"href":"https:\/\/100xd.com.ar\/en\/wp-json\/wp\/v2\/types\/post"}],"author":[{"embeddable":true,"href":"https:\/\/100xd.com.ar\/en\/wp-json\/wp\/v2\/users\/9"}],"replies":[{"embeddable":true,"href":"https:\/\/100xd.com.ar\/en\/wp-json\/wp\/v2\/comments?post=101168"}],"version-history":[{"count":1,"href":"https:\/\/100xd.com.ar\/en\/wp-json\/wp\/v2\/posts\/101168\/revisions"}],"predecessor-version":[{"id":101170,"href":"https:\/\/100xd.com.ar\/en\/wp-json\/wp\/v2\/posts\/101168\/revisions\/101170"}],"wp:attachment":[{"href":"https:\/\/100xd.com.ar\/en\/wp-json\/wp\/v2\/media?parent=101168"}],"wp:term":[{"taxonomy":"category","embeddable":true,"href":"https:\/\/100xd.com.ar\/en\/wp-json\/wp\/v2\/categories?post=101168"},{"taxonomy":"post_tag","embeddable":true,"href":"https:\/\/100xd.com.ar\/en\/wp-json\/wp\/v2\/tags?post=101168"}],"curies":[{"name":"wp","href":"https:\/\/api.w.org\/{rel}","templated":true}]}}