{"id":100294,"date":"2024-04-25T12:41:10","date_gmt":"2024-04-25T15:41:10","guid":{"rendered":"https:\/\/100xd.com.ar\/?p=100294"},"modified":"2024-04-25T12:47:17","modified_gmt":"2024-04-25T15:47:17","slug":"la-argentina-una-trampa-para-incautos","status":"publish","type":"post","link":"https:\/\/100xd.com.ar\/en\/la-argentina-una-trampa-para-incautos\/","title":{"rendered":"La Argentina: \u00bfuna trampa para incautos?"},"content":{"rendered":"<p class=\"wp-block-paragraph\">En su reciente alocuci\u00f3n ante empresarios congregados en el Hotel Llao Llao, el presidente Javier Milei los inst\u00f3 a tener coraje y atreverse a invertir en la Argentina aun cuando la econom\u00eda todav\u00eda no se encuentra estabilizada. Se trata de un deseo compartido por todos, ya que es fundamental que el ingreso de capitales y las exportaciones impulsen la recuperaci\u00f3n del consumo y el \u00e1nimo de la poblaci\u00f3n.<\/p>\n\n\n\n<p class=\"wp-block-paragraph\">Sin embargo, es probable que no pocos de los empresarios all\u00ed presentes \u2013al igual que los ausentes\u2013 sospechen que el pedido del presidente de la Naci\u00f3n equivalga a poner sus dedos en una puerta abierta, detr\u00e1s de la cual, adem\u00e1s del primer mandatario, se entrev\u00e9n figuras temibles como sindicalistas, gobernadores, diputados, senadores, activistas sociales, empresarios protegidos y otros actores con poder que gesticulan amenazando empujarla.<\/p>\n\n\n\n<p class=\"wp-block-paragraph\">El riesgo pa\u00eds ha ca\u00eddo mucho en lo que va de este a\u00f1o, pero todav\u00eda es muy elevado y condiciona la rentabilidad de cualquier proyecto en nuestro territorio, sujeto a la volatilidad de sus leyes, a la discrecionalidad de sus gobernadores y a la ductilidad de sus jueces. Es decir, a las tensiones de una pol\u00edtica inmadura, condicionada por ideolog\u00edas, cargos, votos y dinero, sin espacio para ning\u00fan Nicol\u00e1s Avellaneda o Carlos Pellegrini.<\/p>\n\n\n\n<blockquote class=\"wp-block-quote is-layout-flow wp-block-quote-is-layout-flow\"><p>Las palabras \u201ccrisis\u201d y \u201cemergencia\u201d ya carecen de sentido en nuestro pa\u00eds. La excepci\u00f3n es la regla y con tantos terremotos autoinfligidos se han demolido los pilares del capitalismo liberal<\/p><\/blockquote>\n\n\n\n<p class=\"wp-block-paragraph\">Milei no solamente debe afrontar el desaf\u00edo de cortar el gasto para eliminar la inflaci\u00f3n, sino tambi\u00e9n el escepticismo de una clase dirigente que, por experiencia, cree m\u00e1s en la prevalencia \u00faltima del \u201cstatu quo\u201d que en la probabilidad de cambios profundos. La fuerza inercial acumulada durante tantos a\u00f1os de rodar hacia la decadencia plantea un reto tit\u00e1nico para quien intente cambiar su rumbo sin otro m\u00fasculo que el apoyo de las urnas. Poco probables, pensar\u00e1n, como les ense\u00f1\u00f3 Isaac Newton en la escuela.<\/p>\n\n\n\n<p class=\"wp-block-paragraph\">Todo analista meduloso sabe que nuestro pa\u00eds nunca introdujo reformas de fondo que aumentasen su productividad en forma consistente con las expectativas de bienestar de su poblaci\u00f3n para evitar las sucesivas crisis fiscales que reflejaron, en cada per\u00edodo, las discrepancias entre los deseos imaginarios de los argentinos y las dolorosas realidades que se sucedieron. Tarde o temprano, ante la postergaci\u00f3n de aquellas, los desajustes se zanjaron con emergencias y ajustes devaluatorios.<\/p>\n\n\n\n<p class=\"wp-block-paragraph\">En la Argentina hubo que comer pan negro en 1952; pasar el invierno en 1959; sufrir la pesificaci\u00f3n de dep\u00f3sitos en 1964; el \u201cRodrigazo\u201d de 1975; la \u201ctablita\u201d de 1978; la estatizaci\u00f3n de deuda privada en 1982; el Plan Austral de 1985; la emergencia previsional y de la obra p\u00fablica en 1986; el \u201cahorro forzoso\u201d en 1987; el Plan Bonex y la emergencia econ\u00f3mica de Menem en 1989; el \u201cimpuestazo\u201d de Machinea y la segunda emergencia econ\u00f3mica (De la R\u00faa, 2000); el \u201ccorralito\u201d, el mayor \u201cdefault\u201d de la historia mundial y el quiebre de contratos en 2001; la tercera emergencia econ\u00f3mica (Duhalde, 2002) y la cuarta de \u201csolidaridad social y reactivaci\u00f3n productiva\u201d (Alberto Fern\u00e1ndez, 2019) sumada al impuesto a la riqueza que castig\u00f3 a quienes se hab\u00edan acogido al \u201cblanqueo\u201d de 2017.<\/p>\n\n\n\n<blockquote class=\"wp-block-quote is-layout-flow wp-block-quote-is-layout-flow\"><p>La nefasta e ins\u00f3lita propuesta de designar al juez federal Ariel Lijo para ocupar un sitial del m\u00e1s alto tribunal es una p\u00e9sima se\u00f1al y una falta de percepci\u00f3n de la importancia de la seguridad jur\u00eddica<\/p><\/blockquote>\n\n\n\n<p class=\"wp-block-paragraph\">Sin olvidar todas las medidas que alteraron la producci\u00f3n de alimentos, el comercio exterior, el sector energ\u00eda y el ahorro local durante el kirchnerismo, incluyendo la estatizaci\u00f3n de empresas privatizadas (Correo Argentino, Aguas Argentinas, Tandanor, Aerol\u00edneas Argentinas, FADEA, Belgrano Cargas, Ciccone Calcogr\u00e1fica) y de las AFJP\u2019s (2008); la confiscaci\u00f3n de YPF (2012); la imposici\u00f3n del cepo cambiario (2011), el falseamiento de los \u00edndices oficiales (INDEC) y la violaci\u00f3n de los marcos regulatorios que alejaron del pa\u00eds a grandes empresas que hab\u00edan cre\u00eddo en las reglas de juego de las privatizaciones e invertido sumas millonarias a largo plazo.<\/p>\n\n\n\n<p class=\"wp-block-paragraph\">Las palabras \u201ccrisis\u201d y \u201cemergencia\u201d ya carecen de sentido en nuestro pa\u00eds. La excepci\u00f3n es la regla y con tantos terremotos autoinfligidos se han demolido los pilares del capitalismo liberal que inspiraron nuestra Constituci\u00f3n en 1853. La Corte Suprema de Justicia, desde 1922, ha corrido detr\u00e1s de la pol\u00edtica, convalidando todos los desatinos parlamentarios en detrimento de las bases institucionales del desarrollo: la propiedad, el contrato y la seguridad jur\u00eddica. Las crisis han motivado medidas de emergencia y esos desv\u00edos de la norma fundamental han sido causa de crisis siguientes hasta llegar a la actual, heredada de los tres gobiernos kirchneristas.<\/p>\n\n\n\n<p class=\"wp-block-paragraph\">La nefasta e ins\u00f3lita propuesta de designar al juez federal Ariel Lijo para ocupar un sitial del alto tribunal es una p\u00e9sima se\u00f1al y una falta de percepci\u00f3n de la importancia de la seguridad jur\u00eddica para atraer inversiones.<\/p>\n\n\n\n<blockquote class=\"wp-block-quote is-layout-flow wp-block-quote-is-layout-flow\"><p>Los \u201cjueces de la servilleta\u201d est\u00e1n al servicio del poder y nunca de la Justicia vendada e imparcial que requieren los inversores<\/p><\/blockquote>\n\n\n\n<p class=\"wp-block-paragraph\">Los \u201cjueces de la servilleta\u201d est\u00e1n al servicio del poder y nunca de la Justicia vendada e imparcial que requieren los inversores antes de convertir sus d\u00f3lares en f\u00e1bricas, usinas, gasoductos, miner\u00eda o plantas de LNG, sujet\u00e1ndolos a los avatares de nuestras excepciones y emergencias.<\/p>\n\n\n\n<p class=\"wp-block-paragraph\">Algunos analistas se\u00f1alan con temor la creciente sobrevaluaci\u00f3n de la moneda como obst\u00e1culo para la reactivaci\u00f3n del consumo y las inversiones de largo plazo. En el pasado ya se han vivido situaciones semejantes y, como se\u00f1alamos, siempre han culminado en crisis por la dificultad de \u201cdevaluar sin devaluar\u201d que es la \u00fanica salida verdadera. Es decir, reducir costos para ganar competitividad sin alterar la paridad del d\u00f3lar. Pero como detr\u00e1s de los \u201ccostos\u201d hay ingresos de quienes se oponen a renunciar a sus privilegios, la inercia de la decadencia siempre ha prevalecido. En la met\u00e1fora inicial, amenazan con empujar la puerta si alguien colocase all\u00ed sus dedos.<\/p>\n\n\n\n<p class=\"wp-block-paragraph\">El Gobierno ha hecho una tarea magn\u00edfica en reducir la inflaci\u00f3n ajustando el gasto p\u00fablico. Pero faltan los cambios que hagan sustentable el equilibrio fiscal alcanzado. La reducci\u00f3n del costo argentino, el acceso al mercado de capitales, la ca\u00edda de la tasa de inter\u00e9s, la eliminaci\u00f3n del cepo cambiario, la apertura econ\u00f3mica y el fin de los mercados cautivos como Tierra del Fuego o Tabacalera Sarand\u00ed, dar\u00e1n credibilidad al programa en curso.<\/p>\n\n\n\n<p class=\"wp-block-paragraph\">Milei no se enfrenta solamente a \u201cla casta\u201d opuesta a sus reformas, sino a un complejo entramado de intereses tejido con el paso del tiempo alrededor de cada sector del Estado, de cada empresa p\u00fablica, de cada empresa privada en nichos de confort regulatorios. Los presentes en el foro del Llao Llao, as\u00ed como los ausentes, conocen bien la historia argentina y saben que, para arriesgar en serio sus capitales en el pa\u00eds, fuera de las oportunidades del \u201ccarry trade\u201d, no basta con bajar la inflaci\u00f3n ni con el encendido voluntarismo del Presidente, sino que necesitan tambi\u00e9n se\u00f1ales m\u00e1s firmes respecto de que, esta vez, los cambios de fondo ir\u00e1n a fondo.<\/p>\n\n\n\n<p class=\"wp-block-paragraph\">Fuente: <a href=\"https:\/\/www.lanacion.com.ar\/\">La Naci\u00f3n<\/a><\/p>","protected":false},"excerpt":{"rendered":"<p>En su reciente alocuci\u00f3n ante empresarios congregados en el Hotel Llao Llao, el presidente Javier Milei los inst\u00f3 a tener coraje y atreverse a invertir en la Argentina aun cuando la econom\u00eda todav\u00eda no se encuentra estabilizada. Se trata de un deseo compartido por todos, ya que es fundamental que el ingreso de capitales y [&hellip;]<\/p>\n","protected":false},"author":9,"featured_media":0,"comment_status":"open","ping_status":"open","sticky":false,"template":"","format":"standard","meta":{"site-sidebar-layout":"default","site-content-layout":"","ast-site-content-layout":"default","site-content-style":"default","site-sidebar-style":"default","ast-global-header-display":"","ast-banner-title-visibility":"","ast-main-header-display":"","ast-hfb-above-header-display":"","ast-hfb-below-header-display":"","ast-hfb-mobile-header-display":"","site-post-title":"","ast-breadcrumbs-content":"","ast-featured-img":"","footer-sml-layout":"","ast-disable-related-posts":"","theme-transparent-header-meta":"","adv-header-id-meta":"","stick-header-meta":"","header-above-stick-meta":"","header-main-stick-meta":"","header-below-stick-meta":"","astra-migrate-meta-layouts":"default","ast-page-background-enabled":"default","ast-page-background-meta":{"desktop":{"background-color":"","background-image":"","background-repeat":"repeat","background-position":"center center","background-size":"auto","background-attachment":"scroll","background-type":"","background-media":"","overlay-type":"","overlay-color":"","overlay-opacity":"","overlay-gradient":""},"tablet":{"background-color":"","background-image":"","background-repeat":"repeat","background-position":"center center","background-size":"auto","background-attachment":"scroll","background-type":"","background-media":"","overlay-type":"","overlay-color":"","overlay-opacity":"","overlay-gradient":""},"mobile":{"background-color":"","background-image":"","background-repeat":"repeat","background-position":"center center","background-size":"auto","background-attachment":"scroll","background-type":"","background-media":"","overlay-type":"","overlay-color":"","overlay-opacity":"","overlay-gradient":""}},"ast-content-background-meta":{"desktop":{"background-color":"var(--ast-global-color-5)","background-image":"","background-repeat":"repeat","background-position":"center center","background-size":"auto","background-attachment":"scroll","background-type":"","background-media":"","overlay-type":"","overlay-color":"","overlay-opacity":"","overlay-gradient":""},"tablet":{"background-color":"var(--ast-global-color-5)","background-image":"","background-repeat":"repeat","background-position":"center center","background-size":"auto","background-attachment":"scroll","background-type":"","background-media":"","overlay-type":"","overlay-color":"","overlay-opacity":"","overlay-gradient":""},"mobile":{"background-color":"var(--ast-global-color-5)","background-image":"","background-repeat":"repeat","background-position":"center center","background-size":"auto","background-attachment":"scroll","background-type":"","background-media":"","overlay-type":"","overlay-color":"","overlay-opacity":"","overlay-gradient":""}},"footnotes":""},"categories":[149],"tags":[],"class_list":["post-100294","post","type-post","status-publish","format-standard","hentry","category-entrevistas"],"spectra_blocks_featured_image_url":null,"spectra_blocks_author_info":{"display_name":"Jorge Alfredo Baret","avatar_url":"https:\/\/secure.gravatar.com\/avatar\/31696f5ca83439b642450ec7d3f82f98451a5efacb414343d5478c982b337f26?s=96&d=mm&r=g","author_link":"https:\/\/100xd.com.ar\/en\/author\/jorge\/","description":"Ingeniero Qu\u00edmico UTN - Director Apoderado de Comunicaciones Auditadas SA. Editor Responsable 100xd.com.ar."},"_links":{"self":[{"href":"https:\/\/100xd.com.ar\/en\/wp-json\/wp\/v2\/posts\/100294","targetHints":{"allow":["GET"]}}],"collection":[{"href":"https:\/\/100xd.com.ar\/en\/wp-json\/wp\/v2\/posts"}],"about":[{"href":"https:\/\/100xd.com.ar\/en\/wp-json\/wp\/v2\/types\/post"}],"author":[{"embeddable":true,"href":"https:\/\/100xd.com.ar\/en\/wp-json\/wp\/v2\/users\/9"}],"replies":[{"embeddable":true,"href":"https:\/\/100xd.com.ar\/en\/wp-json\/wp\/v2\/comments?post=100294"}],"version-history":[{"count":1,"href":"https:\/\/100xd.com.ar\/en\/wp-json\/wp\/v2\/posts\/100294\/revisions"}],"predecessor-version":[{"id":100296,"href":"https:\/\/100xd.com.ar\/en\/wp-json\/wp\/v2\/posts\/100294\/revisions\/100296"}],"wp:attachment":[{"href":"https:\/\/100xd.com.ar\/en\/wp-json\/wp\/v2\/media?parent=100294"}],"wp:term":[{"taxonomy":"category","embeddable":true,"href":"https:\/\/100xd.com.ar\/en\/wp-json\/wp\/v2\/categories?post=100294"},{"taxonomy":"post_tag","embeddable":true,"href":"https:\/\/100xd.com.ar\/en\/wp-json\/wp\/v2\/tags?post=100294"}],"curies":[{"name":"wp","href":"https:\/\/api.w.org\/{rel}","templated":true}]}}